{"id":11057,"date":"2018-11-07T11:40:16","date_gmt":"2018-11-07T13:40:16","guid":{"rendered":"http:\/\/www.aeamesp.org.br\/?p=11057"},"modified":"2018-11-07T11:40:16","modified_gmt":"2018-11-07T13:40:16","slug":"estacao-sao-paulo-morumbi-e-inaugurada","status":"publish","type":"post","link":"https:\/\/aeamesp.org.br\/site2025\/estacao-sao-paulo-morumbi-e-inaugurada\/","title":{"rendered":"Esta\u00e7\u00e3o S\u00e3o Paulo-Morumbi \u00e9 inaugurada"},"content":{"rendered":"<figure id=\"attachment_11058\" aria-describedby=\"caption-attachment-11058\" style=\"width: 1300px\" class=\"wp-caption alignnone\"><img fetchpriority=\"high\" decoding=\"async\" class=\"wp-image-11058 size-full\" src=\"http:\/\/www.aeamesp.org.br\/wp-content\/uploads\/2018\/11\/estacao-morumbi.jpg\" alt=\"\" width=\"1300\" height=\"731\" \/><figcaption id=\"caption-attachment-11058\" class=\"wp-caption-text\">Foto: J. T. Tamanaha<\/figcaption><\/figure>\n<p>No \u00faltimo dia 27\/10, a Esta\u00e7\u00e3o S\u00e3o Paulo-Morumbi foi inaugurada, estendendo a Linha 4 &#8211; Amarela. Confira algumas not\u00edcias:<\/p>\n<p><a href=\"http:\/\/g1.globo.com\/sao-paulo\/videos\/t\/todos-os-videos\/v\/metro-inaugura-estacao-sao-paulo-morumbi-com-quatro-anos-de-atraso\/7119493\/\" target=\"_blank\" rel=\"noopener\">http:\/\/g1.globo.com\/sao-paulo\/videos\/t\/todos-os-videos\/v\/metro-inaugura-estacao-sao-paulo-morumbi-com-quatro-anos-de-atraso\/7119493\/<\/a><\/p>\n<p><a href=\"https:\/\/www.metrocptm.com.br\/estacao-sao-paulo-morumbi-coloca-a-linha-4-mais-proxima-da-periferia\/\" target=\"_blank\" rel=\"noopener\">https:\/\/www.metrocptm.com.br\/estacao-sao-paulo-morumbi-coloca-a-linha-4-mais-proxima-da-periferia\/<\/a><\/p>\n<p><a href=\"http:\/\/viatrolebus.com.br\/2018\/10\/video-inaugurada-a-estacao-sao-paulo-morumbi-da-linha-4-amarela\/\" target=\"_blank\" rel=\"noopener\">http:\/\/viatrolebus.com.br\/2018\/10\/video-inaugurada-a-estacao-sao-paulo-morumbi-da-linha-4-amarela\/<\/a><\/p>\n","protected":false},"excerpt":{"rendered":"<p>No \u00faltimo dia 27\/10, a Esta\u00e7\u00e3o S\u00e3o Paulo-Morumbi foi inaugurada,&hellip;<\/p>\n<p> <a class=\"more-link\" href=\"https:\/\/aeamesp.org.br\/site2025\/estacao-sao-paulo-morumbi-e-inaugurada\/\">Leia mais<\/a><\/p>\n","protected":false},"author":1,"featured_media":11058,"comment_status":"open","ping_status":"open","sticky":false,"template":"","format":"standard","meta":{"pagelayer_contact_templates":[],"_pagelayer_content":"","_kadence_starter_templates_imported_post":false,"footnotes":""},"categories":[69],"tags":[],"class_list":{"0":"post-11057","1":"post","2":"type-post","3":"status-publish","4":"format-standard","5":"has-post-thumbnail","7":"category-noticias"},"_links":{"self":[{"href":"https:\/\/aeamesp.org.br\/site2025\/wp-json\/wp\/v2\/posts\/11057","targetHints":{"allow":["GET"]}}],"collection":[{"href":"https:\/\/aeamesp.org.br\/site2025\/wp-json\/wp\/v2\/posts"}],"about":[{"href":"https:\/\/aeamesp.org.br\/site2025\/wp-json\/wp\/v2\/types\/post"}],"author":[{"embeddable":true,"href":"https:\/\/aeamesp.org.br\/site2025\/wp-json\/wp\/v2\/users\/1"}],"replies":[{"embeddable":true,"href":"https:\/\/aeamesp.org.br\/site2025\/wp-json\/wp\/v2\/comments?post=11057"}],"version-history":[{"count":0,"href":"https:\/\/aeamesp.org.br\/site2025\/wp-json\/wp\/v2\/posts\/11057\/revisions"}],"wp:featuredmedia":[{"embeddable":true,"href":"https:\/\/aeamesp.org.br\/site2025\/wp-json\/"}],"wp:attachment":[{"href":"https:\/\/aeamesp.org.br\/site2025\/wp-json\/wp\/v2\/media?parent=11057"}],"wp:term":[{"taxonomy":"category","embeddable":true,"href":"https:\/\/aeamesp.org.br\/site2025\/wp-json\/wp\/v2\/categories?post=11057"},{"taxonomy":"post_tag","embeddable":true,"href":"https:\/\/aeamesp.org.br\/site2025\/wp-json\/wp\/v2\/tags?post=11057"}],"curies":[{"name":"wp","href":"https:\/\/api.w.org\/{rel}","templated":true}]}}