{"id":11073,"date":"2018-11-22T11:20:03","date_gmt":"2018-11-22T13:20:03","guid":{"rendered":"http:\/\/www.aeamesp.org.br\/?p=11073"},"modified":"2018-11-22T11:20:03","modified_gmt":"2018-11-22T13:20:03","slug":"trem-da-primeira-frota-retorna-modernizado","status":"publish","type":"post","link":"https:\/\/aeamesp.org.br\/site2025\/trem-da-primeira-frota-retorna-modernizado\/","title":{"rendered":"Trem da primeira frota retorna  modernizado"},"content":{"rendered":"<figure id=\"attachment_11074\" aria-describedby=\"caption-attachment-11074\" style=\"width: 988px\" class=\"wp-caption alignnone\"><img fetchpriority=\"high\" decoding=\"async\" class=\"wp-image-11074 size-full\" src=\"http:\/\/www.aeamesp.org.br\/wp-content\/uploads\/2018\/11\/Adamo_materia_A35_02.jpg\" alt=\"\" width=\"988\" height=\"741\" \/><figcaption id=\"caption-attachment-11074\" class=\"wp-caption-text\">Chegada da composi\u00e7\u00e3o \u00e0 Esta\u00e7\u00e3o Para\u00edso. Foto Adamo Bazani\/Di\u00e1rio do Transporte (Reprodu\u00e7\u00e3o)<\/figcaption><\/figure>\n<p>&nbsp;<\/p>\n<p>DI\u00c1RIO DO TRANSPORTE REGISTRA O CARINHO DA POPULA\u00c7\u00c3O PELO METR\u00d4-<br \/>\nSP QUANDO TREM DA PRIMEIRA FROTA RETORNOU MODERNIZADO<\/p>\n<p>Mat\u00e9ria de Adamo Bazani e Alexandre Pelegi mostra a rea\u00e7\u00e3o dos admiradores em evento<br \/>\nespecial criado pela Companhia do Metropolitano de S\u00e3o Paulo para apresentar a f\u00e3s a \u00faltima<br \/>\ncomposi\u00e7\u00e3o modernizada da frota pioneira do metr\u00f4 paulistano. Logo a seguir, o trecho inicial<br \/>\nda mat\u00e9ria:<\/p>\n<p>Em pleno s\u00e1bado de emenda de feriado, por volta de 12h30, a plataforma da esta\u00e7\u00e3o Para\u00edso<br \/>\nda linha 02 Verde do Metr\u00f4 de S\u00e3o Paulo estava com mais gente que o normal para o dia.<br \/>\nNa regi\u00e3o onde para o primeiro carro (vag\u00e3o), a aglomera\u00e7\u00e3o era ainda maior.<br \/>\nPassavam os trens, mas ningu\u00e9m desta pequena multid\u00e3o entrava.<\/p>\n<p>Todos estavam esperando um em especial: o trem A35, ou melhor, J35, \u00faltima composi\u00e7\u00e3o<br \/>\nmodernizada pelo Metr\u00f4 de S\u00e3o Paulo, que integrou a primeira frota e come\u00e7ou a circular em<br \/>\n1974.<\/p>\n<p>Quando a estrela do dia chegou, foi recebida por aplausos do p\u00fablico, formado principalmente<br \/>\npor f\u00e3s de ferrovias. Era a emo\u00e7\u00e3o de ver um trem emblem\u00e1tico de volta, de cara nova, e de<br \/>\nserem os primeiros passageiros desta hist\u00f3ria.\u201d<\/p>\n<p><em>Leia a mat\u00e9ria completa<\/em><br \/>\n<a href=\"https:\/\/diariodotransporte.com.br\/2018\/11\/03\/de-a35-para-j35-o-retorno-que-revelou-\" target=\"_blank\" rel=\"noopener\">https:\/\/diariodotransporte.com.br\/2018\/11\/03\/de-a35-para-j35-o-retorno-que-revelou-<\/a><br \/>\no-carinho-da-populacao-pelo-metro-de-sao-paulo\/<\/p>\n","protected":false},"excerpt":{"rendered":"<p>&nbsp; DI\u00c1RIO DO TRANSPORTE REGISTRA O CARINHO DA POPULA\u00c7\u00c3O PELO&hellip;<\/p>\n<p> <a class=\"more-link\" href=\"https:\/\/aeamesp.org.br\/site2025\/trem-da-primeira-frota-retorna-modernizado\/\">Leia mais<\/a><\/p>\n","protected":false},"author":1,"featured_media":11074,"comment_status":"open","ping_status":"open","sticky":false,"template":"","format":"standard","meta":{"pagelayer_contact_templates":[],"_pagelayer_content":"","_kadence_starter_templates_imported_post":false,"footnotes":""},"categories":[87],"tags":[],"class_list":{"0":"post-11073","1":"post","2":"type-post","3":"status-publish","4":"format-standard","5":"has-post-thumbnail","7":"category-setor-metroferroviario"},"_links":{"self":[{"href":"https:\/\/aeamesp.org.br\/site2025\/wp-json\/wp\/v2\/posts\/11073","targetHints":{"allow":["GET"]}}],"collection":[{"href":"https:\/\/aeamesp.org.br\/site2025\/wp-json\/wp\/v2\/posts"}],"about":[{"href":"https:\/\/aeamesp.org.br\/site2025\/wp-json\/wp\/v2\/types\/post"}],"author":[{"embeddable":true,"href":"https:\/\/aeamesp.org.br\/site2025\/wp-json\/wp\/v2\/users\/1"}],"replies":[{"embeddable":true,"href":"https:\/\/aeamesp.org.br\/site2025\/wp-json\/wp\/v2\/comments?post=11073"}],"version-history":[{"count":0,"href":"https:\/\/aeamesp.org.br\/site2025\/wp-json\/wp\/v2\/posts\/11073\/revisions"}],"wp:featuredmedia":[{"embeddable":true,"href":"https:\/\/aeamesp.org.br\/site2025\/wp-json\/"}],"wp:attachment":[{"href":"https:\/\/aeamesp.org.br\/site2025\/wp-json\/wp\/v2\/media?parent=11073"}],"wp:term":[{"taxonomy":"category","embeddable":true,"href":"https:\/\/aeamesp.org.br\/site2025\/wp-json\/wp\/v2\/categories?post=11073"},{"taxonomy":"post_tag","embeddable":true,"href":"https:\/\/aeamesp.org.br\/site2025\/wp-json\/wp\/v2\/tags?post=11073"}],"curies":[{"name":"wp","href":"https:\/\/api.w.org\/{rel}","templated":true}]}}