{"id":11090,"date":"2018-12-14T08:50:06","date_gmt":"2018-12-14T10:50:06","guid":{"rendered":"http:\/\/www.aeamesp.org.br\/?p=11090"},"modified":"2018-12-14T08:50:06","modified_gmt":"2018-12-14T10:50:06","slug":"visao-de-futuro-metro-acesse-apresentacao-completa","status":"publish","type":"post","link":"https:\/\/aeamesp.org.br\/site2025\/visao-de-futuro-metro-acesse-apresentacao-completa\/","title":{"rendered":"Vis\u00e3o de Futuro do Metr\u00f4.  Acesse apresenta\u00e7\u00e3o completa."},"content":{"rendered":"<p>Na \u00faltima ter\u00e7a-feira (11), tivemos uma roda de conversas com o senhor Paulo Menzes, presidente do Metr\u00f4 de S\u00e3o Paulo.<\/p>\n<p>Confira <a href=\"http:\/\/www.aeamesp.org.br\/wp-content\/uploads\/2018\/12\/Apresentacao_P_METROSP.pdf\" target=\"_blank\" rel=\"noopener\"><strong>clicando aqui<\/strong><\/a> o material completo dessa apresenta\u00e7\u00e3o.<\/p>\n","protected":false},"excerpt":{"rendered":"<p>Na \u00faltima ter\u00e7a-feira (11), tivemos uma roda de conversas com&hellip;<\/p>\n<p> <a class=\"more-link\" href=\"https:\/\/aeamesp.org.br\/site2025\/visao-de-futuro-metro-acesse-apresentacao-completa\/\">Leia mais<\/a><\/p>\n","protected":false},"author":1,"featured_media":11092,"comment_status":"open","ping_status":"open","sticky":false,"template":"","format":"standard","meta":{"pagelayer_contact_templates":[],"_pagelayer_content":"","_kadence_starter_templates_imported_post":false,"footnotes":""},"categories":[60],"tags":[],"class_list":{"0":"post-11090","1":"post","2":"type-post","3":"status-publish","4":"format-standard","5":"has-post-thumbnail","7":"category-eventos"},"_links":{"self":[{"href":"https:\/\/aeamesp.org.br\/site2025\/wp-json\/wp\/v2\/posts\/11090","targetHints":{"allow":["GET"]}}],"collection":[{"href":"https:\/\/aeamesp.org.br\/site2025\/wp-json\/wp\/v2\/posts"}],"about":[{"href":"https:\/\/aeamesp.org.br\/site2025\/wp-json\/wp\/v2\/types\/post"}],"author":[{"embeddable":true,"href":"https:\/\/aeamesp.org.br\/site2025\/wp-json\/wp\/v2\/users\/1"}],"replies":[{"embeddable":true,"href":"https:\/\/aeamesp.org.br\/site2025\/wp-json\/wp\/v2\/comments?post=11090"}],"version-history":[{"count":0,"href":"https:\/\/aeamesp.org.br\/site2025\/wp-json\/wp\/v2\/posts\/11090\/revisions"}],"wp:featuredmedia":[{"embeddable":true,"href":"https:\/\/aeamesp.org.br\/site2025\/wp-json\/wp\/v2\/pages\/11092"}],"wp:attachment":[{"href":"https:\/\/aeamesp.org.br\/site2025\/wp-json\/wp\/v2\/media?parent=11090"}],"wp:term":[{"taxonomy":"category","embeddable":true,"href":"https:\/\/aeamesp.org.br\/site2025\/wp-json\/wp\/v2\/categories?post=11090"},{"taxonomy":"post_tag","embeddable":true,"href":"https:\/\/aeamesp.org.br\/site2025\/wp-json\/wp\/v2\/tags?post=11090"}],"curies":[{"name":"wp","href":"https:\/\/api.w.org\/{rel}","templated":true}]}}