{"id":11320,"date":"2019-05-09T17:49:45","date_gmt":"2019-05-09T20:49:45","guid":{"rendered":"http:\/\/www.aeamesp.org.br\/?p=11320"},"modified":"2019-05-09T17:49:45","modified_gmt":"2019-05-09T20:49:45","slug":"t20-conservacao-emergencial-dos-edificios-do-patio-ferroviario-de-paranapiacaba","status":"publish","type":"post","link":"https:\/\/aeamesp.org.br\/site2025\/t20-conservacao-emergencial-dos-edificios-do-patio-ferroviario-de-paranapiacaba\/","title":{"rendered":"T20 &#8211; Conserva\u00e7\u00e3o Emergencial dos Edif\u00edcios do P\u00e1tio Ferrovi\u00e1rio de Paranapiacaba"},"content":{"rendered":"<p style=\"text-align: left;\"><strong>Descri\u00e7\u00e3o:<\/strong> T20 \u2013 Conserva\u00e7\u00e3o Emergencial dos Edif\u00edcios do P\u00e1tio Ferrovi\u00e1rio de Paranapiacaba<\/p>\n<p>&nbsp;<\/p>\n<p><strong>AUTORES:<\/strong><\/p>\n<p><strong>Coordenadora:<\/strong> Ana L\u00facia Lopes \u2013 Jornalista e Diretora de ViaBrasil\/Revista Sobretrilhos<\/p>\n<p><strong>Palestrante:<\/strong>\u00a0 Bruno Luis Sanches \u2013\u00a0Diretor Presidente da\u00a0Associa\u00e7\u00e3o Brasileira de Preserva\u00e7\u00e3o Ferrovi\u00e1ria (ABPF)<u><\/u><u><\/u><\/p>\n<p><strong>Palestrante:\u00a0<\/strong>Gustavo Rodrigues Secco \u2013\u00a0Arquiteto e Urbanista , especialista em restauro do\u00a0Est\u00fadio Sarasa Conserva\u00e7\u00e3o e Restaura\u00e7\u00e3o<\/p>\n<p><strong>Palestrante: <\/strong>Maria In\u00eas Dias Mazzoco \u2013 Muse\u00f3loga e Diretora da MidMazzoco<\/p>\n","protected":false},"excerpt":{"rendered":"<p>Descri\u00e7\u00e3o: T20 \u2013 Conserva\u00e7\u00e3o Emergencial dos Edif\u00edcios do P\u00e1tio Ferrovi\u00e1rio&hellip;<\/p>\n<p> <a class=\"more-link\" href=\"https:\/\/aeamesp.org.br\/site2025\/t20-conservacao-emergencial-dos-edificios-do-patio-ferroviario-de-paranapiacaba\/\">Leia mais<\/a><\/p>\n","protected":false},"author":1,"featured_media":0,"comment_status":"closed","ping_status":"open","sticky":false,"template":"","format":"standard","meta":{"pagelayer_contact_templates":[],"_pagelayer_content":"","_kadence_starter_templates_imported_post":false,"footnotes":""},"categories":[91],"tags":[118],"class_list":{"0":"post-11320","1":"post","2":"type-post","3":"status-publish","4":"format-standard","6":"category-trab-tec-24a","7":"tag-oficina-de-sistemas-eletricos-e-eletronicos"},"_links":{"self":[{"href":"https:\/\/aeamesp.org.br\/site2025\/wp-json\/wp\/v2\/posts\/11320","targetHints":{"allow":["GET"]}}],"collection":[{"href":"https:\/\/aeamesp.org.br\/site2025\/wp-json\/wp\/v2\/posts"}],"about":[{"href":"https:\/\/aeamesp.org.br\/site2025\/wp-json\/wp\/v2\/types\/post"}],"author":[{"embeddable":true,"href":"https:\/\/aeamesp.org.br\/site2025\/wp-json\/wp\/v2\/users\/1"}],"replies":[{"embeddable":true,"href":"https:\/\/aeamesp.org.br\/site2025\/wp-json\/wp\/v2\/comments?post=11320"}],"version-history":[{"count":0,"href":"https:\/\/aeamesp.org.br\/site2025\/wp-json\/wp\/v2\/posts\/11320\/revisions"}],"wp:attachment":[{"href":"https:\/\/aeamesp.org.br\/site2025\/wp-json\/wp\/v2\/media?parent=11320"}],"wp:term":[{"taxonomy":"category","embeddable":true,"href":"https:\/\/aeamesp.org.br\/site2025\/wp-json\/wp\/v2\/categories?post=11320"},{"taxonomy":"post_tag","embeddable":true,"href":"https:\/\/aeamesp.org.br\/site2025\/wp-json\/wp\/v2\/tags?post=11320"}],"curies":[{"name":"wp","href":"https:\/\/api.w.org\/{rel}","templated":true}]}}