{"id":11328,"date":"2019-05-10T09:54:22","date_gmt":"2019-05-10T12:54:22","guid":{"rendered":"http:\/\/www.aeamesp.org.br\/?p=11328"},"modified":"2019-05-10T09:54:22","modified_gmt":"2019-05-10T12:54:22","slug":"t25-analise-comportamental-na-conducao-de-trens-de-carga-na-efvm","status":"publish","type":"post","link":"https:\/\/aeamesp.org.br\/site2025\/t25-analise-comportamental-na-conducao-de-trens-de-carga-na-efvm\/","title":{"rendered":"T25 \u2013 An\u00e1lise comportamental na condu\u00e7\u00e3o de trens de carga na EFVM"},"content":{"rendered":"<p style=\"text-align: left;\"><strong>Descri\u00e7\u00e3o: <\/strong>Nos \u00faltimos anos, a an\u00e1lise da condu\u00e7\u00e3o dos maquinistas era feita de forma aleat\u00f3ria e subjetiva. O percentual de viagens analisadas n\u00e3o passava de 4% e a gest\u00e3o da ferrovia n\u00e3o tinha um registro das penalidades cometidas. Atualmente foi instalado um software de gest\u00e3o operacional que analisa os dados dos registradores das locomotivas associando \u00e0s regras operacionais da empresa, al\u00e9m de analisar os \u00edndices de performance dos condutores.<\/p>\n<p>&nbsp;<\/p>\n<p><strong>AUTORES:<\/strong><\/p>\n<p>Vivian Andr\u00e9a Parreira \u2013 Vale<\/p>\n","protected":false},"excerpt":{"rendered":"<p>Descri\u00e7\u00e3o: Nos \u00faltimos anos, a an\u00e1lise da condu\u00e7\u00e3o dos maquinistas&hellip;<\/p>\n<p> <a class=\"more-link\" href=\"https:\/\/aeamesp.org.br\/site2025\/t25-analise-comportamental-na-conducao-de-trens-de-carga-na-efvm\/\">Leia mais<\/a><\/p>\n","protected":false},"author":1,"featured_media":0,"comment_status":"closed","ping_status":"open","sticky":false,"template":"","format":"standard","meta":{"pagelayer_contact_templates":[],"_pagelayer_content":"","_kadence_starter_templates_imported_post":false,"footnotes":""},"categories":[91],"tags":[118],"class_list":{"0":"post-11328","1":"post","2":"type-post","3":"status-publish","4":"format-standard","6":"category-trab-tec-24a","7":"tag-oficina-de-sistemas-eletricos-e-eletronicos"},"_links":{"self":[{"href":"https:\/\/aeamesp.org.br\/site2025\/wp-json\/wp\/v2\/posts\/11328","targetHints":{"allow":["GET"]}}],"collection":[{"href":"https:\/\/aeamesp.org.br\/site2025\/wp-json\/wp\/v2\/posts"}],"about":[{"href":"https:\/\/aeamesp.org.br\/site2025\/wp-json\/wp\/v2\/types\/post"}],"author":[{"embeddable":true,"href":"https:\/\/aeamesp.org.br\/site2025\/wp-json\/wp\/v2\/users\/1"}],"replies":[{"embeddable":true,"href":"https:\/\/aeamesp.org.br\/site2025\/wp-json\/wp\/v2\/comments?post=11328"}],"version-history":[{"count":0,"href":"https:\/\/aeamesp.org.br\/site2025\/wp-json\/wp\/v2\/posts\/11328\/revisions"}],"wp:attachment":[{"href":"https:\/\/aeamesp.org.br\/site2025\/wp-json\/wp\/v2\/media?parent=11328"}],"wp:term":[{"taxonomy":"category","embeddable":true,"href":"https:\/\/aeamesp.org.br\/site2025\/wp-json\/wp\/v2\/categories?post=11328"},{"taxonomy":"post_tag","embeddable":true,"href":"https:\/\/aeamesp.org.br\/site2025\/wp-json\/wp\/v2\/tags?post=11328"}],"curies":[{"name":"wp","href":"https:\/\/api.w.org\/{rel}","templated":true}]}}