{"id":11360,"date":"2019-05-10T11:41:54","date_gmt":"2019-05-10T14:41:54","guid":{"rendered":"http:\/\/www.aeamesp.org.br\/?p=11360"},"modified":"2019-05-10T11:41:54","modified_gmt":"2019-05-10T14:41:54","slug":"t33-gerenciamento-ciclo-de-vida-das-falhas","status":"publish","type":"post","link":"https:\/\/aeamesp.org.br\/site2025\/t33-gerenciamento-ciclo-de-vida-das-falhas\/","title":{"rendered":"T33 \u2013 Gerenciamento do ciclo de vida das falhas"},"content":{"rendered":"<p style=\"text-align: left;\"><strong>Descri\u00e7\u00e3o:\u00a0<\/strong>A aplica\u00e7\u00e3o do Gerenciamento do Ciclo de Vida da Falha (FLC), permite encontrar solu\u00e7\u00f5es de preven\u00e7\u00e3o e prescri\u00e7\u00e3o para as falhas, em todos os momentos de ocorr\u00eancia em um ciclo de tempo definido. Entendemos que as falhas seguem um ciclo de vida definido no tempo, que se divide em: 1) Pr\u00e9-falha \u2013 Antes da falha acontecer; 2) Vida madura \u2013 O problema j\u00e1 existe, mas ainda sem impactos; 3) Falha p\u00f3stuma \u2013 A falha j\u00e1 ocorreu, materializando seus impactos. Este trabalho apresentar\u00e1 para cada fase da vida de uma falha, os processos de tratamento espec\u00edfico e como esses processos se relacionam, trazendo ganhos de Confiabilidade, Disponibilidade, Manutenabilidade e Safety (RAMS), reduzindo riscos, melhorando a log\u00edstica e os planejamentos de manuten\u00e7\u00e3o e estoque.<\/p>\n<p>&nbsp;<\/p>\n<p><strong>AUTORES:<\/strong><\/p>\n<p>Filipe De Araujo Serpa \u2013 Metr\u00f4 Rio<\/p>\n<p>FLC \u2013 Failure Life Cycle<\/p>\n<p><strong><a href=\"http:\/\/www.aeamesp.org.br\/wp-content\/uploads\/2019\/05\/Implanta\u00e7\u00e3o-de-an\u00e1lise-de-dados-do-TMS1.pdf\">Apresenta\u00e7\u00e3o<\/a><\/strong><\/p>\n<p><a href=\"http:\/\/www.aeamesp.org.br\/wp-content\/uploads\/2019\/05\/t33.pdf\"><strong>Artigo<\/strong><\/a><\/p>\n<p>&nbsp;<\/p>\n","protected":false},"excerpt":{"rendered":"<p>Descri\u00e7\u00e3o:\u00a0A aplica\u00e7\u00e3o do Gerenciamento do Ciclo de Vida da Falha&hellip;<\/p>\n<p> <a class=\"more-link\" href=\"https:\/\/aeamesp.org.br\/site2025\/t33-gerenciamento-ciclo-de-vida-das-falhas\/\">Leia mais<\/a><\/p>\n","protected":false},"author":1,"featured_media":0,"comment_status":"closed","ping_status":"open","sticky":false,"template":"","format":"standard","meta":{"pagelayer_contact_templates":[],"_pagelayer_content":"","_kadence_starter_templates_imported_post":false,"footnotes":""},"categories":[91],"tags":[118],"class_list":{"0":"post-11360","1":"post","2":"type-post","3":"status-publish","4":"format-standard","6":"category-trab-tec-24a","7":"tag-oficina-de-sistemas-eletricos-e-eletronicos"},"_links":{"self":[{"href":"https:\/\/aeamesp.org.br\/site2025\/wp-json\/wp\/v2\/posts\/11360","targetHints":{"allow":["GET"]}}],"collection":[{"href":"https:\/\/aeamesp.org.br\/site2025\/wp-json\/wp\/v2\/posts"}],"about":[{"href":"https:\/\/aeamesp.org.br\/site2025\/wp-json\/wp\/v2\/types\/post"}],"author":[{"embeddable":true,"href":"https:\/\/aeamesp.org.br\/site2025\/wp-json\/wp\/v2\/users\/1"}],"replies":[{"embeddable":true,"href":"https:\/\/aeamesp.org.br\/site2025\/wp-json\/wp\/v2\/comments?post=11360"}],"version-history":[{"count":0,"href":"https:\/\/aeamesp.org.br\/site2025\/wp-json\/wp\/v2\/posts\/11360\/revisions"}],"wp:attachment":[{"href":"https:\/\/aeamesp.org.br\/site2025\/wp-json\/wp\/v2\/media?parent=11360"}],"wp:term":[{"taxonomy":"category","embeddable":true,"href":"https:\/\/aeamesp.org.br\/site2025\/wp-json\/wp\/v2\/categories?post=11360"},{"taxonomy":"post_tag","embeddable":true,"href":"https:\/\/aeamesp.org.br\/site2025\/wp-json\/wp\/v2\/tags?post=11360"}],"curies":[{"name":"wp","href":"https:\/\/api.w.org\/{rel}","templated":true}]}}