{"id":1492,"date":"2008-12-13T21:12:13","date_gmt":"2008-12-13T21:12:13","guid":{"rendered":"https:\/\/aeamesp.org.br\/site2025\/sistemas-de-aterramento-protecao-contra-descargas-atmosfericas-e-contencao-de-corrente-de-fuga-de-tracao-na-linha-4-criterios-para-definicao-de-solucoes-construtivas\/"},"modified":"2008-12-13T21:12:13","modified_gmt":"2008-12-13T21:12:13","slug":"sistemas-de-aterramento-protecao-contra-descargas-atmosfericas-e-contencao-de-corrente-de-fuga-de-tracao-na-linha-4-criterios-para-definicao-de-solucoes-construtivas","status":"publish","type":"post","link":"https:\/\/aeamesp.org.br\/site2025\/sistemas-de-aterramento-protecao-contra-descargas-atmosfericas-e-contencao-de-corrente-de-fuga-de-tracao-na-linha-4-criterios-para-definicao-de-solucoes-construtivas\/","title":{"rendered":"Sistemas de Aterramento, Prote\u00e7\u00e3o Contra Descargas Atmosf\u00e9ricas e Conten\u00e7\u00e3o de Corrente de Fuga de Tra\u00e7\u00e3o na Linha 4: Crit\u00e9rios para Defini\u00e7\u00e3o de Solu\u00e7\u00f5es Construtivas"},"content":{"rendered":"<p style=\"text-align: justify;\"><strong>Autoria: Antonio Luiz Gomes; Ginez Carrasco Peralta; Paulo Luiz Souza &#8211; Alstom<\/strong><\/p>\n<hr \/>\n<p><a href=\"http:\/\/www.aeamesp.org.br\/biblioteca\/stm\/14SMTF080904T10.pdf\" target=\"_blank\">http:\/\/www.aeamesp.org.br\/biblioteca\/stm\/14SMTF080904T10.pdf<\/a><\/p>\n","protected":false},"excerpt":{"rendered":"<p>Autoria: Antonio Luiz Gomes; Ginez Carrasco Peralta; Paulo Luiz Souza&hellip;<\/p>\n<p> <a class=\"more-link\" href=\"https:\/\/aeamesp.org.br\/site2025\/sistemas-de-aterramento-protecao-contra-descargas-atmosfericas-e-contencao-de-corrente-de-fuga-de-tracao-na-linha-4-criterios-para-definicao-de-solucoes-construtivas\/\">Leia mais<\/a><\/p>\n","protected":false},"author":1,"featured_media":0,"comment_status":"open","ping_status":"open","sticky":false,"template":"","format":"standard","meta":{"pagelayer_contact_templates":[],"_pagelayer_content":"","_kadence_starter_templates_imported_post":false,"footnotes":""},"categories":[34],"tags":[],"class_list":{"0":"post-1492","1":"post","2":"type-post","3":"status-publish","4":"format-standard","6":"category-14a-semana-de-tecnologia-metroferroviaria"},"_links":{"self":[{"href":"https:\/\/aeamesp.org.br\/site2025\/wp-json\/wp\/v2\/posts\/1492","targetHints":{"allow":["GET"]}}],"collection":[{"href":"https:\/\/aeamesp.org.br\/site2025\/wp-json\/wp\/v2\/posts"}],"about":[{"href":"https:\/\/aeamesp.org.br\/site2025\/wp-json\/wp\/v2\/types\/post"}],"author":[{"embeddable":true,"href":"https:\/\/aeamesp.org.br\/site2025\/wp-json\/wp\/v2\/users\/1"}],"replies":[{"embeddable":true,"href":"https:\/\/aeamesp.org.br\/site2025\/wp-json\/wp\/v2\/comments?post=1492"}],"version-history":[{"count":0,"href":"https:\/\/aeamesp.org.br\/site2025\/wp-json\/wp\/v2\/posts\/1492\/revisions"}],"wp:attachment":[{"href":"https:\/\/aeamesp.org.br\/site2025\/wp-json\/wp\/v2\/media?parent=1492"}],"wp:term":[{"taxonomy":"category","embeddable":true,"href":"https:\/\/aeamesp.org.br\/site2025\/wp-json\/wp\/v2\/categories?post=1492"},{"taxonomy":"post_tag","embeddable":true,"href":"https:\/\/aeamesp.org.br\/site2025\/wp-json\/wp\/v2\/tags?post=1492"}],"curies":[{"name":"wp","href":"https:\/\/api.w.org\/{rel}","templated":true}]}}