{"id":14982,"date":"2019-11-01T10:33:57","date_gmt":"2019-11-01T13:33:57","guid":{"rendered":"http:\/\/www.aeamesp.org.br\/?p=11790"},"modified":"2019-11-01T10:33:57","modified_gmt":"2019-11-01T13:33:57","slug":"t31-gestao-vista-aplicada-implantacao-de-sistemas-em-obras-de-expansao-da-rede-metroviaria-da-cidade-de-sao-paulo-fernando-pedro-metro-sp","status":"publish","type":"post","link":"https:\/\/aeamesp.org.br\/site2025\/t31-gestao-vista-aplicada-implantacao-de-sistemas-em-obras-de-expansao-da-rede-metroviaria-da-cidade-de-sao-paulo-fernando-pedro-metro-sp\/","title":{"rendered":"T31 \u2013 Gest\u00e3o \u00e0 vista aplicada \u00e0 implanta\u00e7\u00e3o de sistemas em obras de expans\u00e3o da rede metrovi\u00e1ria da cidade de S\u00e3o Paulo \u2013 Fernando Pedro \u2013 METR\u00d4 SP"},"content":{"rendered":"<p><strong>Descri\u00e7\u00e3o<\/strong>:<\/p>\n<p>Atualmente, n\u00e3o apenas receitas e lucros devem ser buscados pelas organiza\u00e7\u00f5es. Aquelas que n\u00e3o conquistarem seu crescimento sustent\u00e1vel n\u00e3o sobreviver\u00e3o \u00e0 concorr\u00eancia. Isso n\u00e3o \u00e9 diferente para o Metr\u00f4 de S\u00e3o Paulo. Pensando nisso, este trabalho busca sistematizar a an\u00e1lise e reestrutura\u00e7\u00e3o dos processos envolvidos na expans\u00e3o da rede metrovi\u00e1ria, de modo a minimizar desperd\u00edcios e evitar as falhas que ocasionam os maiores problemas (aqueles que v\u00e3o de encontro aos objetivos estrat\u00e9gicos da empresa). O trabalho mostra ainda, por meio de um projeto-piloto, que existem ferramentas da qualidade que exigem baixos investimentos e que s\u00e3o capazes de apoiar os processos cr\u00edticos da organiza\u00e7\u00e3o. Isso apenas mostra que a gest\u00e3o da qualidade deve ser considerada a chave para a execu\u00e7\u00e3o do planejamento estrat\u00e9gico de qualquer empresa.<\/p>\n<p><small>Monografia desenvolvida como trabalho de conclus\u00e3o de curso de MBA em Gest\u00e3o e Engenharia da Qualidade no PECE\/USP<\/small><\/p>\n<p>Declaro que o presente trabalho \u00e9 in\u00e9dito, n\u00e3o tendo sido publicado em livro, revistas especializadas ou na imprensa em geral.<\/p>\n<p><em>Fernando Martins Pedro<\/em><br \/>\n<em>Engenheiro Mec\u00e2nico formado na Escola Polit\u00e9cnica da USP (2011), com especializa\u00e7\u00e3o em Adm. de Empresas <\/em><em>pela FGV\/EAESP (MBM-2015) e MBA em Gest\u00e3o e Engenharia da Qualidade pelo PECE\/USP (2018), trabalha no <\/em><em>Metr\u00f4-SP desde 2012. Atuou como engenheiro de campo na montagem da Via Permanente da Linha 5 do Metr\u00f4- <\/em><em>SP, de Adolfo Pinheiro at\u00e9 Ch\u00e1cara Klabin, al\u00e9m do P\u00e1tio Guido Caloi. Atualmente gerente de projeto de <span class=\"fontstyle0\">implanta\u00e7\u00e3o de Sistemas Auxiliares das Linhas 4 e 5, tendo participado das entregas das esta\u00e7\u00f5es Higien\u00f3polis-Mackenzie, Oscar Freire, Hospital SP, Santa Cruz, Ch\u00e1cara Klabin e Campo Belo.<\/span><\/em><\/p>\n<p><a href=\"http:\/\/www.semanadetecnologia.com.br\/25semana\/wp-content\/uploads\/2019\/09\/T31_ID163_artigo_gestaoavista.pdf\">Artigo<\/a><\/p>\n<p><a href=\"http:\/\/www.semanadetecnologia.com.br\/25semana\/wp-content\/uploads\/2019\/09\/T31_ID163_apresentacao_gestaoavista.pdf\">Apresenta\u00e7\u00e3o<\/a><\/p>\n<p><a href=\"http:\/\/www.semanadetecnologia.com.br\/25semana\/wp-content\/uploads\/2019\/08\/T31_ID163_sintese_gestaoavista.pdf\">S\u00edntese<\/a><\/p>\n","protected":false},"excerpt":{"rendered":"<p>Descri\u00e7\u00e3o: Atualmente, n\u00e3o apenas receitas e lucros devem ser buscados&hellip;<\/p>\n<p> <a class=\"more-link\" href=\"https:\/\/aeamesp.org.br\/site2025\/t31-gestao-vista-aplicada-implantacao-de-sistemas-em-obras-de-expansao-da-rede-metroviaria-da-cidade-de-sao-paulo-fernando-pedro-metro-sp\/\">Leia mais<\/a><\/p>\n","protected":false},"author":1,"featured_media":0,"comment_status":"open","ping_status":"open","sticky":false,"template":"","format":"standard","meta":{"pagelayer_contact_templates":[],"_pagelayer_content":"","_kadence_starter_templates_imported_post":false,"footnotes":""},"categories":[92],"tags":[],"class_list":{"0":"post-14982","1":"post","2":"type-post","3":"status-publish","4":"format-standard","6":"category-trab-tec-25a"},"_links":{"self":[{"href":"https:\/\/aeamesp.org.br\/site2025\/wp-json\/wp\/v2\/posts\/14982","targetHints":{"allow":["GET"]}}],"collection":[{"href":"https:\/\/aeamesp.org.br\/site2025\/wp-json\/wp\/v2\/posts"}],"about":[{"href":"https:\/\/aeamesp.org.br\/site2025\/wp-json\/wp\/v2\/types\/post"}],"author":[{"embeddable":true,"href":"https:\/\/aeamesp.org.br\/site2025\/wp-json\/wp\/v2\/users\/1"}],"replies":[{"embeddable":true,"href":"https:\/\/aeamesp.org.br\/site2025\/wp-json\/wp\/v2\/comments?post=14982"}],"version-history":[{"count":0,"href":"https:\/\/aeamesp.org.br\/site2025\/wp-json\/wp\/v2\/posts\/14982\/revisions"}],"wp:attachment":[{"href":"https:\/\/aeamesp.org.br\/site2025\/wp-json\/wp\/v2\/media?parent=14982"}],"wp:term":[{"taxonomy":"category","embeddable":true,"href":"https:\/\/aeamesp.org.br\/site2025\/wp-json\/wp\/v2\/categories?post=14982"},{"taxonomy":"post_tag","embeddable":true,"href":"https:\/\/aeamesp.org.br\/site2025\/wp-json\/wp\/v2\/tags?post=14982"}],"curies":[{"name":"wp","href":"https:\/\/api.w.org\/{rel}","templated":true}]}}