{"id":1510,"date":"2008-12-13T21:12:13","date_gmt":"2008-12-13T21:12:13","guid":{"rendered":"https:\/\/aeamesp.org.br\/site2025\/politicas-publicas-de-transporte-metroferroviario-e-a-inclusao-social\/"},"modified":"2008-12-13T21:12:13","modified_gmt":"2008-12-13T21:12:13","slug":"politicas-publicas-de-transporte-metroferroviario-e-a-inclusao-social","status":"publish","type":"post","link":"https:\/\/aeamesp.org.br\/site2025\/politicas-publicas-de-transporte-metroferroviario-e-a-inclusao-social\/","title":{"rendered":"Pol\u00edticas P\u00fablicas de Transporte Metroferrovi\u00e1rio e a Inclus\u00e3o Social"},"content":{"rendered":"<p style=\"text-align: justify;\"><strong>Autoria: Denise Porto Neves; Diamantino Augusto Sardinha Neto; Jos\u00e9 Garcia da Concei\u00e7\u00e3o &#8211; Metr\u00f4\/SP<\/strong><\/p>\n<hr \/>\n<p><a href=\"http:\/\/www.aeamesp.org.br\/biblioteca\/stm\/14SMTF080905T13.pdf\" target=\"_blank\">http:\/\/www.aeamesp.org.br\/biblioteca\/stm\/14SMTF080905T13.pdf<\/a><\/p>\n","protected":false},"excerpt":{"rendered":"<p>Autoria: Denise Porto Neves; Diamantino Augusto Sardinha Neto; Jos\u00e9 Garcia&hellip;<\/p>\n<p> <a class=\"more-link\" href=\"https:\/\/aeamesp.org.br\/site2025\/politicas-publicas-de-transporte-metroferroviario-e-a-inclusao-social\/\">Leia mais<\/a><\/p>\n","protected":false},"author":1,"featured_media":0,"comment_status":"open","ping_status":"open","sticky":false,"template":"","format":"standard","meta":{"pagelayer_contact_templates":[],"_pagelayer_content":"","_kadence_starter_templates_imported_post":false,"footnotes":""},"categories":[34],"tags":[],"class_list":{"0":"post-1510","1":"post","2":"type-post","3":"status-publish","4":"format-standard","6":"category-14a-semana-de-tecnologia-metroferroviaria"},"_links":{"self":[{"href":"https:\/\/aeamesp.org.br\/site2025\/wp-json\/wp\/v2\/posts\/1510","targetHints":{"allow":["GET"]}}],"collection":[{"href":"https:\/\/aeamesp.org.br\/site2025\/wp-json\/wp\/v2\/posts"}],"about":[{"href":"https:\/\/aeamesp.org.br\/site2025\/wp-json\/wp\/v2\/types\/post"}],"author":[{"embeddable":true,"href":"https:\/\/aeamesp.org.br\/site2025\/wp-json\/wp\/v2\/users\/1"}],"replies":[{"embeddable":true,"href":"https:\/\/aeamesp.org.br\/site2025\/wp-json\/wp\/v2\/comments?post=1510"}],"version-history":[{"count":0,"href":"https:\/\/aeamesp.org.br\/site2025\/wp-json\/wp\/v2\/posts\/1510\/revisions"}],"wp:attachment":[{"href":"https:\/\/aeamesp.org.br\/site2025\/wp-json\/wp\/v2\/media?parent=1510"}],"wp:term":[{"taxonomy":"category","embeddable":true,"href":"https:\/\/aeamesp.org.br\/site2025\/wp-json\/wp\/v2\/categories?post=1510"},{"taxonomy":"post_tag","embeddable":true,"href":"https:\/\/aeamesp.org.br\/site2025\/wp-json\/wp\/v2\/tags?post=1510"}],"curies":[{"name":"wp","href":"https:\/\/api.w.org\/{rel}","templated":true}]}}