{"id":1519,"date":"2008-12-13T21:12:13","date_gmt":"2008-12-13T21:12:13","guid":{"rendered":"https:\/\/aeamesp.org.br\/site2025\/integracao-das-ferramentas-de-gestao-dos-sistemas-metroferroviarios-r2la-uma-nova-abordagem-modulo-2\/"},"modified":"2008-12-13T21:12:13","modified_gmt":"2008-12-13T21:12:13","slug":"integracao-das-ferramentas-de-gestao-dos-sistemas-metroferroviarios-r2la-uma-nova-abordagem-modulo-2","status":"publish","type":"post","link":"https:\/\/aeamesp.org.br\/site2025\/integracao-das-ferramentas-de-gestao-dos-sistemas-metroferroviarios-r2la-uma-nova-abordagem-modulo-2\/","title":{"rendered":"Integra\u00e7\u00e3o das ferramentas de gest\u00e3o dos sistemas metroferrovi\u00e1rios &#8211; R2LA &#8211; uma nova abordagem &#8211; M\u00f3dulo 2"},"content":{"rendered":"<p style=\"text-align: justify;\"><strong>Autoria: Jos\u00e9 Carlos Mora; Marcelo Sanchez Turrini &#8211; Metr\u00f4\/SP<\/strong><\/p>\n<hr \/>\n<p style=\"text-align: justify;\">\n<p style=\"text-align: justify;\"><strong>\u00a0 \u00a0Nossa proposta \u00e9 a de apresentar uma metodologia estruturada, baseada nas diversas ferramentas atualmente dispon\u00edveis , visando uma integra\u00e7\u00e3o adequada de forma que se possa ter uma maior visibilidade do sistema e\/ou equipamento objeto de estudo , facilitando o processo de tomada de decis\u00e3o.<\/strong><\/p>\n<hr \/>\n<p><a href=\"http:\/\/www.aeamesp.org.br\/biblioteca\/stm\/14SMTF0809T05.pdf\" target=\"_blank\">http:\/\/www.aeamesp.org.br\/biblioteca\/stm\/14SMTF0809T05.pdf<\/a><\/p>\n","protected":false},"excerpt":{"rendered":"<p>Autoria: Jos\u00e9 Carlos Mora; Marcelo Sanchez Turrini &#8211; Metr\u00f4\/SP \u00a0&hellip;<\/p>\n<p> <a class=\"more-link\" href=\"https:\/\/aeamesp.org.br\/site2025\/integracao-das-ferramentas-de-gestao-dos-sistemas-metroferroviarios-r2la-uma-nova-abordagem-modulo-2\/\">Leia mais<\/a><\/p>\n","protected":false},"author":1,"featured_media":0,"comment_status":"open","ping_status":"open","sticky":false,"template":"","format":"standard","meta":{"pagelayer_contact_templates":[],"_pagelayer_content":"","_kadence_starter_templates_imported_post":false,"footnotes":""},"categories":[34],"tags":[],"class_list":{"0":"post-1519","1":"post","2":"type-post","3":"status-publish","4":"format-standard","6":"category-14a-semana-de-tecnologia-metroferroviaria"},"_links":{"self":[{"href":"https:\/\/aeamesp.org.br\/site2025\/wp-json\/wp\/v2\/posts\/1519","targetHints":{"allow":["GET"]}}],"collection":[{"href":"https:\/\/aeamesp.org.br\/site2025\/wp-json\/wp\/v2\/posts"}],"about":[{"href":"https:\/\/aeamesp.org.br\/site2025\/wp-json\/wp\/v2\/types\/post"}],"author":[{"embeddable":true,"href":"https:\/\/aeamesp.org.br\/site2025\/wp-json\/wp\/v2\/users\/1"}],"replies":[{"embeddable":true,"href":"https:\/\/aeamesp.org.br\/site2025\/wp-json\/wp\/v2\/comments?post=1519"}],"version-history":[{"count":0,"href":"https:\/\/aeamesp.org.br\/site2025\/wp-json\/wp\/v2\/posts\/1519\/revisions"}],"wp:attachment":[{"href":"https:\/\/aeamesp.org.br\/site2025\/wp-json\/wp\/v2\/media?parent=1519"}],"wp:term":[{"taxonomy":"category","embeddable":true,"href":"https:\/\/aeamesp.org.br\/site2025\/wp-json\/wp\/v2\/categories?post=1519"},{"taxonomy":"post_tag","embeddable":true,"href":"https:\/\/aeamesp.org.br\/site2025\/wp-json\/wp\/v2\/tags?post=1519"}],"curies":[{"name":"wp","href":"https:\/\/api.w.org\/{rel}","templated":true}]}}