{"id":1520,"date":"2008-12-13T21:12:13","date_gmt":"2008-12-13T21:12:13","guid":{"rendered":"https:\/\/aeamesp.org.br\/site2025\/o-uso-de-materiais-fabricados-em-fibra-de-vidro\/"},"modified":"2008-12-13T21:12:13","modified_gmt":"2008-12-13T21:12:13","slug":"o-uso-de-materiais-fabricados-em-fibra-de-vidro","status":"publish","type":"post","link":"https:\/\/aeamesp.org.br\/site2025\/o-uso-de-materiais-fabricados-em-fibra-de-vidro\/","title":{"rendered":"O uso de materiais fabricados em fibra de vidro"},"content":{"rendered":"<p style=\"text-align: justify;\"><strong>Autoria: F\u00e1bio Henrique Bando; J\u00fanior Afonso de Sousa; Rodrigo do Vale Amado &#8211; ENMAC \u2013 Engenharia de Materiais Compostos<\/strong><\/p>\n<hr \/>\n<p style=\"text-align: justify;\"><strong>\u00a0 \u00a0O trabalho ir\u00e1 apresentar solu\u00e7\u00f5es que a tecnologia em materiais avan\u00e7ados pode oferecer ao Metr\u00f4, materiais compostos fabricados em fibra de vidro, suas caracter\u00edsticas e principais vantagens.<\/strong><\/p>\n<hr \/>\n<p><a href=\"http:\/\/www.aeamesp.org.br\/biblioteca\/stm\/14SMTF0809T06.pdf\" target=\"_blank\">http:\/\/www.aeamesp.org.br\/biblioteca\/stm\/14SMTF0809T06.pdf<\/a><\/p>\n","protected":false},"excerpt":{"rendered":"<p>Autoria: F\u00e1bio Henrique Bando; J\u00fanior Afonso de Sousa; Rodrigo do&hellip;<\/p>\n<p> <a class=\"more-link\" href=\"https:\/\/aeamesp.org.br\/site2025\/o-uso-de-materiais-fabricados-em-fibra-de-vidro\/\">Leia mais<\/a><\/p>\n","protected":false},"author":1,"featured_media":0,"comment_status":"open","ping_status":"open","sticky":false,"template":"","format":"standard","meta":{"pagelayer_contact_templates":[],"_pagelayer_content":"","_kadence_starter_templates_imported_post":false,"footnotes":""},"categories":[34],"tags":[],"class_list":{"0":"post-1520","1":"post","2":"type-post","3":"status-publish","4":"format-standard","6":"category-14a-semana-de-tecnologia-metroferroviaria"},"_links":{"self":[{"href":"https:\/\/aeamesp.org.br\/site2025\/wp-json\/wp\/v2\/posts\/1520","targetHints":{"allow":["GET"]}}],"collection":[{"href":"https:\/\/aeamesp.org.br\/site2025\/wp-json\/wp\/v2\/posts"}],"about":[{"href":"https:\/\/aeamesp.org.br\/site2025\/wp-json\/wp\/v2\/types\/post"}],"author":[{"embeddable":true,"href":"https:\/\/aeamesp.org.br\/site2025\/wp-json\/wp\/v2\/users\/1"}],"replies":[{"embeddable":true,"href":"https:\/\/aeamesp.org.br\/site2025\/wp-json\/wp\/v2\/comments?post=1520"}],"version-history":[{"count":0,"href":"https:\/\/aeamesp.org.br\/site2025\/wp-json\/wp\/v2\/posts\/1520\/revisions"}],"wp:attachment":[{"href":"https:\/\/aeamesp.org.br\/site2025\/wp-json\/wp\/v2\/media?parent=1520"}],"wp:term":[{"taxonomy":"category","embeddable":true,"href":"https:\/\/aeamesp.org.br\/site2025\/wp-json\/wp\/v2\/categories?post=1520"},{"taxonomy":"post_tag","embeddable":true,"href":"https:\/\/aeamesp.org.br\/site2025\/wp-json\/wp\/v2\/tags?post=1520"}],"curies":[{"name":"wp","href":"https:\/\/api.w.org\/{rel}","templated":true}]}}