{"id":1734,"date":"2012-12-13T21:12:13","date_gmt":"1899-12-30T00:00:00","guid":{"rendered":"https:\/\/aeamesp.org.br\/site2025\/uso-de-energias-renovaveis-para-a-iluminacao-publica-sob-a-perspectiva-de-sustentabilidade\/"},"modified":"2012-12-13T21:12:13","modified_gmt":"1899-12-30T00:00:00","slug":"uso-de-energias-renovaveis-para-a-iluminacao-publica-sob-a-perspectiva-de-sustentabilidade","status":"publish","type":"post","link":"https:\/\/aeamesp.org.br\/site2025\/uso-de-energias-renovaveis-para-a-iluminacao-publica-sob-a-perspectiva-de-sustentabilidade\/","title":{"rendered":"Uso de energias renov\u00e1veis para a ilumina\u00e7\u00e3o p\u00fablica sob a perspectiva de sustentabilidade"},"content":{"rendered":"<p style=\"text-align: justify;\"><strong>Autoria: N\u00e1rjara Laryssa Francischeto Stivanin &#8211; Metr\u00f4 SP<\/strong><\/p>\n<hr \/>\n<p style=\"text-align: justify;\"><strong>\u00a0 \u00a0Este trabalho desenvolve uma an\u00e1lise te\u00f3rica sobre a viabilidade da implanta\u00e7\u00e3o de novas tecnologias para ilumina\u00e7\u00e3o p\u00fablica, atrav\u00e9s do aproveitamento de energia e\u00f3lica e solar no Metr\u00f4 de S\u00e3o Paulo. Mais especificamente, em sua aplica\u00e7\u00e3o nos sistemas de ilumina\u00e7\u00e3o e monitoramento do P\u00e1tio Jabaquara, o maior e mais importante dentre os p\u00e1tios de manuten\u00e7\u00e3o e manobras do Metr\u00f4 paulistano.<\/strong><\/p>\n<hr \/>\n<p><a href=\"http:\/\/www.aeamesp.org.br\/biblioteca\/stm\/18smtf120913t17.pdf\" target=\"_blank\">http:\/\/www.aeamesp.org.br\/biblioteca\/stm\/18smtf120913t17.pdf<\/a><\/p>\n","protected":false},"excerpt":{"rendered":"<p>Autoria: N\u00e1rjara Laryssa Francischeto Stivanin &#8211; Metr\u00f4 SP \u00a0 \u00a0Este&hellip;<\/p>\n<p> <a class=\"more-link\" href=\"https:\/\/aeamesp.org.br\/site2025\/uso-de-energias-renovaveis-para-a-iluminacao-publica-sob-a-perspectiva-de-sustentabilidade\/\">Leia mais<\/a><\/p>\n","protected":false},"author":1,"featured_media":0,"comment_status":"open","ping_status":"open","sticky":false,"template":"","format":"standard","meta":{"pagelayer_contact_templates":[],"_pagelayer_content":"","_kadence_starter_templates_imported_post":false,"footnotes":""},"categories":[38],"tags":[],"class_list":{"0":"post-1734","1":"post","2":"type-post","3":"status-publish","4":"format-standard","6":"category-18a-semana-de-tecnologia-metroferroviaria"},"_links":{"self":[{"href":"https:\/\/aeamesp.org.br\/site2025\/wp-json\/wp\/v2\/posts\/1734","targetHints":{"allow":["GET"]}}],"collection":[{"href":"https:\/\/aeamesp.org.br\/site2025\/wp-json\/wp\/v2\/posts"}],"about":[{"href":"https:\/\/aeamesp.org.br\/site2025\/wp-json\/wp\/v2\/types\/post"}],"author":[{"embeddable":true,"href":"https:\/\/aeamesp.org.br\/site2025\/wp-json\/wp\/v2\/users\/1"}],"replies":[{"embeddable":true,"href":"https:\/\/aeamesp.org.br\/site2025\/wp-json\/wp\/v2\/comments?post=1734"}],"version-history":[{"count":0,"href":"https:\/\/aeamesp.org.br\/site2025\/wp-json\/wp\/v2\/posts\/1734\/revisions"}],"wp:attachment":[{"href":"https:\/\/aeamesp.org.br\/site2025\/wp-json\/wp\/v2\/media?parent=1734"}],"wp:term":[{"taxonomy":"category","embeddable":true,"href":"https:\/\/aeamesp.org.br\/site2025\/wp-json\/wp\/v2\/categories?post=1734"},{"taxonomy":"post_tag","embeddable":true,"href":"https:\/\/aeamesp.org.br\/site2025\/wp-json\/wp\/v2\/tags?post=1734"}],"curies":[{"name":"wp","href":"https:\/\/api.w.org\/{rel}","templated":true}]}}