{"id":1736,"date":"2012-12-13T21:12:13","date_gmt":"1899-12-30T00:00:00","guid":{"rendered":"https:\/\/aeamesp.org.br\/site2025\/implantacao-do-vlt-da-baixada-santista-em-sao-paulo\/"},"modified":"2012-12-13T21:12:13","modified_gmt":"1899-12-30T00:00:00","slug":"implantacao-do-vlt-da-baixada-santista-em-sao-paulo","status":"publish","type":"post","link":"https:\/\/aeamesp.org.br\/site2025\/implantacao-do-vlt-da-baixada-santista-em-sao-paulo\/","title":{"rendered":"Implanta\u00e7\u00e3o do VLT da Baixada Santista em S\u00e3o Paulo"},"content":{"rendered":"<p><strong>Autoria: Carlos Rom\u00e3o Martins &#8211; EMTU<\/strong><\/p>\n<hr \/>\n<p style=\"text-align: justify;\"><strong>\u00a0 \u00a0O trabalho apresenta o empreendimento Sistema do VLT da Rede Metropolitana da Baixada Santista &#8211; RMBS, abordando os aspectos t\u00e9cnicos, mostrando seu tra\u00e7ado, a op\u00e7\u00e3o tecnol\u00f3gica, as premissas t\u00e9cnicas, o atendimento previsto e a cronologia da implanta\u00e7\u00e3o.<\/strong><\/p>\n<hr \/>\n<p><a href=\"http:\/\/www.aeamesp.org.br\/biblioteca\/stm\/18smtf120913t19.pdf\" target=\"_blank\">http:\/\/www.aeamesp.org.br\/biblioteca\/stm\/18smtf120913t19.pdf<\/a><\/p>\n","protected":false},"excerpt":{"rendered":"<p>Autoria: Carlos Rom\u00e3o Martins &#8211; EMTU \u00a0 \u00a0O trabalho apresenta&hellip;<\/p>\n<p> <a class=\"more-link\" href=\"https:\/\/aeamesp.org.br\/site2025\/implantacao-do-vlt-da-baixada-santista-em-sao-paulo\/\">Leia mais<\/a><\/p>\n","protected":false},"author":1,"featured_media":0,"comment_status":"open","ping_status":"open","sticky":false,"template":"","format":"standard","meta":{"pagelayer_contact_templates":[],"_pagelayer_content":"","_kadence_starter_templates_imported_post":false,"footnotes":""},"categories":[38],"tags":[],"class_list":{"0":"post-1736","1":"post","2":"type-post","3":"status-publish","4":"format-standard","6":"category-18a-semana-de-tecnologia-metroferroviaria"},"_links":{"self":[{"href":"https:\/\/aeamesp.org.br\/site2025\/wp-json\/wp\/v2\/posts\/1736","targetHints":{"allow":["GET"]}}],"collection":[{"href":"https:\/\/aeamesp.org.br\/site2025\/wp-json\/wp\/v2\/posts"}],"about":[{"href":"https:\/\/aeamesp.org.br\/site2025\/wp-json\/wp\/v2\/types\/post"}],"author":[{"embeddable":true,"href":"https:\/\/aeamesp.org.br\/site2025\/wp-json\/wp\/v2\/users\/1"}],"replies":[{"embeddable":true,"href":"https:\/\/aeamesp.org.br\/site2025\/wp-json\/wp\/v2\/comments?post=1736"}],"version-history":[{"count":0,"href":"https:\/\/aeamesp.org.br\/site2025\/wp-json\/wp\/v2\/posts\/1736\/revisions"}],"wp:attachment":[{"href":"https:\/\/aeamesp.org.br\/site2025\/wp-json\/wp\/v2\/media?parent=1736"}],"wp:term":[{"taxonomy":"category","embeddable":true,"href":"https:\/\/aeamesp.org.br\/site2025\/wp-json\/wp\/v2\/categories?post=1736"},{"taxonomy":"post_tag","embeddable":true,"href":"https:\/\/aeamesp.org.br\/site2025\/wp-json\/wp\/v2\/tags?post=1736"}],"curies":[{"name":"wp","href":"https:\/\/api.w.org\/{rel}","templated":true}]}}