{"id":1738,"date":"2012-12-13T21:12:13","date_gmt":"1899-12-30T00:00:00","guid":{"rendered":"https:\/\/aeamesp.org.br\/site2025\/gerenciamento-social-na-expansao-do-metro-de-sao-paulo\/"},"modified":"2012-12-13T21:12:13","modified_gmt":"1899-12-30T00:00:00","slug":"gerenciamento-social-na-expansao-do-metro-de-sao-paulo","status":"publish","type":"post","link":"https:\/\/aeamesp.org.br\/site2025\/gerenciamento-social-na-expansao-do-metro-de-sao-paulo\/","title":{"rendered":"Gerenciamento social na expans\u00e3o do Metr\u00f4 de S\u00e3o Paulo"},"content":{"rendered":"<p><strong>Autoria: Maria Cec\u00edlia Martino &#8211; Metr\u00f4 SP<\/strong><\/p>\n<hr \/>\n<p style=\"text-align: justify;\"><strong>\u00a0 \u00a0S\u00e3o Paulo \u00e9 uma metr\u00f3pole consolidada, densamente povoada e o alto \u00edndice de ocupa\u00e7\u00e3o urbana torna a cidade um polo de converg\u00eancia social. Essa configura\u00e7\u00e3o torna imposs\u00edvel a implanta\u00e7\u00e3o de um empreendimento do porte do Metr\u00f4 sem que haja um significativo processo de desapropria\u00e7\u00e3o e demoli\u00e7\u00e3o de algumas edifica\u00e7\u00f5es, ocasionando um impacto na sociedade civil.<\/strong><\/p>\n<hr \/>\n<p><a href=\"http:\/\/www.aeamesp.org.br\/biblioteca\/stm\/18smtf120913t22.pdf\" target=\"_blank\">http:\/\/www.aeamesp.org.br\/biblioteca\/stm\/18smtf120913t22.pdf<\/a><\/p>\n","protected":false},"excerpt":{"rendered":"<p>Autoria: Maria Cec\u00edlia Martino &#8211; Metr\u00f4 SP \u00a0 \u00a0S\u00e3o Paulo&hellip;<\/p>\n<p> <a class=\"more-link\" href=\"https:\/\/aeamesp.org.br\/site2025\/gerenciamento-social-na-expansao-do-metro-de-sao-paulo\/\">Leia mais<\/a><\/p>\n","protected":false},"author":1,"featured_media":0,"comment_status":"open","ping_status":"open","sticky":false,"template":"","format":"standard","meta":{"pagelayer_contact_templates":[],"_pagelayer_content":"","_kadence_starter_templates_imported_post":false,"footnotes":""},"categories":[38],"tags":[],"class_list":{"0":"post-1738","1":"post","2":"type-post","3":"status-publish","4":"format-standard","6":"category-18a-semana-de-tecnologia-metroferroviaria"},"_links":{"self":[{"href":"https:\/\/aeamesp.org.br\/site2025\/wp-json\/wp\/v2\/posts\/1738","targetHints":{"allow":["GET"]}}],"collection":[{"href":"https:\/\/aeamesp.org.br\/site2025\/wp-json\/wp\/v2\/posts"}],"about":[{"href":"https:\/\/aeamesp.org.br\/site2025\/wp-json\/wp\/v2\/types\/post"}],"author":[{"embeddable":true,"href":"https:\/\/aeamesp.org.br\/site2025\/wp-json\/wp\/v2\/users\/1"}],"replies":[{"embeddable":true,"href":"https:\/\/aeamesp.org.br\/site2025\/wp-json\/wp\/v2\/comments?post=1738"}],"version-history":[{"count":0,"href":"https:\/\/aeamesp.org.br\/site2025\/wp-json\/wp\/v2\/posts\/1738\/revisions"}],"wp:attachment":[{"href":"https:\/\/aeamesp.org.br\/site2025\/wp-json\/wp\/v2\/media?parent=1738"}],"wp:term":[{"taxonomy":"category","embeddable":true,"href":"https:\/\/aeamesp.org.br\/site2025\/wp-json\/wp\/v2\/categories?post=1738"},{"taxonomy":"post_tag","embeddable":true,"href":"https:\/\/aeamesp.org.br\/site2025\/wp-json\/wp\/v2\/tags?post=1738"}],"curies":[{"name":"wp","href":"https:\/\/api.w.org\/{rel}","templated":true}]}}