{"id":1739,"date":"2012-12-13T21:12:13","date_gmt":"1899-12-30T00:00:00","guid":{"rendered":"https:\/\/aeamesp.org.br\/site2025\/implantacao-da-coleta-seletiva-nas-estacoes-do-metro-de-sao-paulo\/"},"modified":"2012-12-13T21:12:13","modified_gmt":"1899-12-30T00:00:00","slug":"implantacao-da-coleta-seletiva-nas-estacoes-do-metro-de-sao-paulo","status":"publish","type":"post","link":"https:\/\/aeamesp.org.br\/site2025\/implantacao-da-coleta-seletiva-nas-estacoes-do-metro-de-sao-paulo\/","title":{"rendered":"Implanta\u00e7\u00e3o da coleta seletiva nas esta\u00e7\u00f5es do Metr\u00f4 de S\u00e3o Paulo"},"content":{"rendered":"<p style=\"text-align: justify;\"><strong>Autoria: Melissa Belato Fortes; Daniella Lobo da Costa Lima; Song Yng Ling Shimba; Renato Rodrigues; Rubens Costa Cruz &#8211; Metr\u00f4 SP<\/strong><\/p>\n<hr \/>\n<p style=\"text-align: justify;\"><strong>\u00a0 \u00a0Encontra-se em andamento o processo para implanta\u00e7\u00e3o dos coletores e da coleta seletiva em todas as esta\u00e7\u00f5es das Linhas 1, 2, 3 e 5 do Metr\u00f4 de S\u00e3o Paulo. Esse processo baseou-se na Lei Municipal n\u00ba 14.973, de 11\/09\/2009, que disciplina sobre o armazenamento, a coleta, a triagem e a destina\u00e7\u00e3o de res\u00edduos s\u00f3lidos produzidos em grandes geradores do munic\u00edpio de S\u00e3o Paulo, e, tamb\u00e9m, baseou-se no cen\u00e1rio atual, que caminha em dire\u00e7\u00e3o \u00e0 ado\u00e7\u00e3o de h\u00e1bitos mais sustent\u00e1veis.<\/strong><\/p>\n<hr \/>\n<p><a href=\"http:\/\/www.aeamesp.org.br\/biblioteca\/stm\/18smtf120913t23.pdf\" target=\"_blank\">http:\/\/www.aeamesp.org.br\/biblioteca\/stm\/18smtf120913t23.pdf<\/a><\/p>\n","protected":false},"excerpt":{"rendered":"<p>Autoria: Melissa Belato Fortes; Daniella Lobo da Costa Lima; Song&hellip;<\/p>\n<p> <a class=\"more-link\" href=\"https:\/\/aeamesp.org.br\/site2025\/implantacao-da-coleta-seletiva-nas-estacoes-do-metro-de-sao-paulo\/\">Leia mais<\/a><\/p>\n","protected":false},"author":1,"featured_media":0,"comment_status":"open","ping_status":"open","sticky":false,"template":"","format":"standard","meta":{"pagelayer_contact_templates":[],"_pagelayer_content":"","_kadence_starter_templates_imported_post":false,"footnotes":""},"categories":[38],"tags":[],"class_list":{"0":"post-1739","1":"post","2":"type-post","3":"status-publish","4":"format-standard","6":"category-18a-semana-de-tecnologia-metroferroviaria"},"_links":{"self":[{"href":"https:\/\/aeamesp.org.br\/site2025\/wp-json\/wp\/v2\/posts\/1739","targetHints":{"allow":["GET"]}}],"collection":[{"href":"https:\/\/aeamesp.org.br\/site2025\/wp-json\/wp\/v2\/posts"}],"about":[{"href":"https:\/\/aeamesp.org.br\/site2025\/wp-json\/wp\/v2\/types\/post"}],"author":[{"embeddable":true,"href":"https:\/\/aeamesp.org.br\/site2025\/wp-json\/wp\/v2\/users\/1"}],"replies":[{"embeddable":true,"href":"https:\/\/aeamesp.org.br\/site2025\/wp-json\/wp\/v2\/comments?post=1739"}],"version-history":[{"count":0,"href":"https:\/\/aeamesp.org.br\/site2025\/wp-json\/wp\/v2\/posts\/1739\/revisions"}],"wp:attachment":[{"href":"https:\/\/aeamesp.org.br\/site2025\/wp-json\/wp\/v2\/media?parent=1739"}],"wp:term":[{"taxonomy":"category","embeddable":true,"href":"https:\/\/aeamesp.org.br\/site2025\/wp-json\/wp\/v2\/categories?post=1739"},{"taxonomy":"post_tag","embeddable":true,"href":"https:\/\/aeamesp.org.br\/site2025\/wp-json\/wp\/v2\/tags?post=1739"}],"curies":[{"name":"wp","href":"https:\/\/api.w.org\/{rel}","templated":true}]}}