{"id":1740,"date":"2012-12-13T21:12:13","date_gmt":"1899-12-30T00:00:00","guid":{"rendered":"https:\/\/aeamesp.org.br\/site2025\/programa-de-corredores-metropolitanos\/"},"modified":"2012-12-13T21:12:13","modified_gmt":"1899-12-30T00:00:00","slug":"programa-de-corredores-metropolitanos","status":"publish","type":"post","link":"https:\/\/aeamesp.org.br\/site2025\/programa-de-corredores-metropolitanos\/","title":{"rendered":"Programa de Corredores Metropolitanos"},"content":{"rendered":"<p><strong>Autoria: Ivan Carlos Regina &#8211; EMTU<\/strong><\/p>\n<hr \/>\n<p style=\"text-align: justify;\"><strong>\u00a0 \u00a0Abordagem as obras de corredores em implanta\u00e7\u00e3o aqui na EMTU, os Corredores Itapevi a S\u00e3o Paulo (Butant\u00e3) e o Corredor Guarulhos a S\u00e3o Paulo (Tucuruvi), bem como os em Projeto, novos 4 a saber: BRT Primetral Leste &#8211; Jacu P\u00eassego,Corredor Itapevi a Cotia, Corredor Alphaville e Corredor Aruj\u00e1 a Itaquaquecetuba.<\/strong><br \/>\n<strong>\u00a0 \u00a0Al\u00e9m de uma vis\u00e3o geral do Programa, mostrarei a ader\u00eancia destes Corredores ao Sistema de Alta Capacidade, Rede Metro ferrovi\u00e1ria<\/strong><\/p>\n<hr \/>\n<p><a href=\"http:\/\/www.aeamesp.org.br\/biblioteca\/stm\/18smtf120913t24.pdf\" target=\"_blank\">http:\/\/www.aeamesp.org.br\/biblioteca\/stm\/18smtf120913t24.pdf<\/a><\/p>\n","protected":false},"excerpt":{"rendered":"<p>Autoria: Ivan Carlos Regina &#8211; EMTU \u00a0 \u00a0Abordagem as obras&hellip;<\/p>\n<p> <a class=\"more-link\" href=\"https:\/\/aeamesp.org.br\/site2025\/programa-de-corredores-metropolitanos\/\">Leia mais<\/a><\/p>\n","protected":false},"author":1,"featured_media":0,"comment_status":"open","ping_status":"open","sticky":false,"template":"","format":"standard","meta":{"pagelayer_contact_templates":[],"_pagelayer_content":"","_kadence_starter_templates_imported_post":false,"footnotes":""},"categories":[38],"tags":[],"class_list":{"0":"post-1740","1":"post","2":"type-post","3":"status-publish","4":"format-standard","6":"category-18a-semana-de-tecnologia-metroferroviaria"},"_links":{"self":[{"href":"https:\/\/aeamesp.org.br\/site2025\/wp-json\/wp\/v2\/posts\/1740","targetHints":{"allow":["GET"]}}],"collection":[{"href":"https:\/\/aeamesp.org.br\/site2025\/wp-json\/wp\/v2\/posts"}],"about":[{"href":"https:\/\/aeamesp.org.br\/site2025\/wp-json\/wp\/v2\/types\/post"}],"author":[{"embeddable":true,"href":"https:\/\/aeamesp.org.br\/site2025\/wp-json\/wp\/v2\/users\/1"}],"replies":[{"embeddable":true,"href":"https:\/\/aeamesp.org.br\/site2025\/wp-json\/wp\/v2\/comments?post=1740"}],"version-history":[{"count":0,"href":"https:\/\/aeamesp.org.br\/site2025\/wp-json\/wp\/v2\/posts\/1740\/revisions"}],"wp:attachment":[{"href":"https:\/\/aeamesp.org.br\/site2025\/wp-json\/wp\/v2\/media?parent=1740"}],"wp:term":[{"taxonomy":"category","embeddable":true,"href":"https:\/\/aeamesp.org.br\/site2025\/wp-json\/wp\/v2\/categories?post=1740"},{"taxonomy":"post_tag","embeddable":true,"href":"https:\/\/aeamesp.org.br\/site2025\/wp-json\/wp\/v2\/tags?post=1740"}],"curies":[{"name":"wp","href":"https:\/\/api.w.org\/{rel}","templated":true}]}}