{"id":1741,"date":"2012-12-13T21:12:13","date_gmt":"1899-12-30T00:00:00","guid":{"rendered":"https:\/\/aeamesp.org.br\/site2025\/o-processo-de-licenciamento-ambiental-e-o-metro\/"},"modified":"2012-12-13T21:12:13","modified_gmt":"1899-12-30T00:00:00","slug":"o-processo-de-licenciamento-ambiental-e-o-metro","status":"publish","type":"post","link":"https:\/\/aeamesp.org.br\/site2025\/o-processo-de-licenciamento-ambiental-e-o-metro\/","title":{"rendered":"O processo de licenciamento ambiental e o Metr\u00f4"},"content":{"rendered":"<p><strong>Autoria: Maria Anides de Jesus Silva &#8211; Metr\u00f4 SP<\/strong><\/p>\n<hr \/>\n<p style=\"text-align: justify;\"><strong>\u00a0 \u00a0Informar sobre o processo de licenciamento ambiental e suas implica\u00e7\u00f5es, bem como sobre a import\u00e2ncia do acompanhamento de todas as suas fases, em especial, no atendimento \u00e0s exig\u00eancias preconizadas ao longo do processo. O Licenciamento Ambiental \u00e9 um procedimento pelo qual o \u00f3rg\u00e3o ambiental competente permite a localiza\u00e7\u00e3o, instala\u00e7\u00e3o, amplia\u00e7\u00e3o e opera\u00e7\u00e3o de empreendimentos e atividades utilizadoras de recursos ambientais, que possam ser consideradas efetiva ou potencialmente poluidoras ou daquelas que, sob qualquer forma, possam causar degrada\u00e7\u00e3o ambiental.<\/strong><\/p>\n<hr \/>\n<p><a href=\"http:\/\/www.aeamesp.org.br\/biblioteca\/stm\/18smtf120913t25.pdf\" target=\"_blank\">http:\/\/www.aeamesp.org.br\/biblioteca\/stm\/18smtf120913t25.pdf<\/a><\/p>\n","protected":false},"excerpt":{"rendered":"<p>Autoria: Maria Anides de Jesus Silva &#8211; Metr\u00f4 SP \u00a0&hellip;<\/p>\n<p> <a class=\"more-link\" href=\"https:\/\/aeamesp.org.br\/site2025\/o-processo-de-licenciamento-ambiental-e-o-metro\/\">Leia mais<\/a><\/p>\n","protected":false},"author":1,"featured_media":0,"comment_status":"open","ping_status":"open","sticky":false,"template":"","format":"standard","meta":{"pagelayer_contact_templates":[],"_pagelayer_content":"","_kadence_starter_templates_imported_post":false,"footnotes":""},"categories":[38],"tags":[],"class_list":{"0":"post-1741","1":"post","2":"type-post","3":"status-publish","4":"format-standard","6":"category-18a-semana-de-tecnologia-metroferroviaria"},"_links":{"self":[{"href":"https:\/\/aeamesp.org.br\/site2025\/wp-json\/wp\/v2\/posts\/1741","targetHints":{"allow":["GET"]}}],"collection":[{"href":"https:\/\/aeamesp.org.br\/site2025\/wp-json\/wp\/v2\/posts"}],"about":[{"href":"https:\/\/aeamesp.org.br\/site2025\/wp-json\/wp\/v2\/types\/post"}],"author":[{"embeddable":true,"href":"https:\/\/aeamesp.org.br\/site2025\/wp-json\/wp\/v2\/users\/1"}],"replies":[{"embeddable":true,"href":"https:\/\/aeamesp.org.br\/site2025\/wp-json\/wp\/v2\/comments?post=1741"}],"version-history":[{"count":0,"href":"https:\/\/aeamesp.org.br\/site2025\/wp-json\/wp\/v2\/posts\/1741\/revisions"}],"wp:attachment":[{"href":"https:\/\/aeamesp.org.br\/site2025\/wp-json\/wp\/v2\/media?parent=1741"}],"wp:term":[{"taxonomy":"category","embeddable":true,"href":"https:\/\/aeamesp.org.br\/site2025\/wp-json\/wp\/v2\/categories?post=1741"},{"taxonomy":"post_tag","embeddable":true,"href":"https:\/\/aeamesp.org.br\/site2025\/wp-json\/wp\/v2\/tags?post=1741"}],"curies":[{"name":"wp","href":"https:\/\/api.w.org\/{rel}","templated":true}]}}