{"id":1743,"date":"2012-12-13T21:12:13","date_gmt":"1899-12-30T00:00:00","guid":{"rendered":"https:\/\/aeamesp.org.br\/site2025\/o-paisagismo-como-medida-compensatoria-das-obras-metro-sp\/"},"modified":"2012-12-13T21:12:13","modified_gmt":"1899-12-30T00:00:00","slug":"o-paisagismo-como-medida-compensatoria-das-obras-metro-sp","status":"publish","type":"post","link":"https:\/\/aeamesp.org.br\/site2025\/o-paisagismo-como-medida-compensatoria-das-obras-metro-sp\/","title":{"rendered":"O Paisagismo como Medida Compensat\u00f3ria das Obras Metr\u00f4 SP"},"content":{"rendered":"<p><strong>Autoria: Noel Jo\u00e3o Mendes Cossa &#8211; Metr\u00f4 SP<\/strong><\/p>\n<hr \/>\n<p style=\"text-align: justify;\"><strong>\u00a0 \u00a0Apresentar a experi\u00eancia vivenciada pela GEM &#8211; Ger\u00eancia do Empreendimento Prolongamento da Linha 2\/Verde no processo de obten\u00e7\u00e3o das autoriza\u00e7\u00f5es para manejo da vegeta\u00e7\u00e3o existente ao longo do empreendimento e as tratativas com o \u00f3rg\u00e3o ambiental para possibilitar a implanta\u00e7\u00e3o dos projetos de paisagismo e urbaniza\u00e7\u00e3o como medida de compensa\u00e7\u00e3o ambiental.<\/strong><\/p>\n<hr \/>\n<p><a href=\"http:\/\/www.aeamesp.org.br\/biblioteca\/stm\/18smtf120913t27.pdf\" target=\"_blank\">http:\/\/www.aeamesp.org.br\/biblioteca\/stm\/18smtf120913t27.pdf<\/a><\/p>\n","protected":false},"excerpt":{"rendered":"<p>Autoria: Noel Jo\u00e3o Mendes Cossa &#8211; Metr\u00f4 SP \u00a0 \u00a0Apresentar&hellip;<\/p>\n<p> <a class=\"more-link\" href=\"https:\/\/aeamesp.org.br\/site2025\/o-paisagismo-como-medida-compensatoria-das-obras-metro-sp\/\">Leia mais<\/a><\/p>\n","protected":false},"author":1,"featured_media":0,"comment_status":"open","ping_status":"open","sticky":false,"template":"","format":"standard","meta":{"pagelayer_contact_templates":[],"_pagelayer_content":"","_kadence_starter_templates_imported_post":false,"footnotes":""},"categories":[38],"tags":[],"class_list":{"0":"post-1743","1":"post","2":"type-post","3":"status-publish","4":"format-standard","6":"category-18a-semana-de-tecnologia-metroferroviaria"},"_links":{"self":[{"href":"https:\/\/aeamesp.org.br\/site2025\/wp-json\/wp\/v2\/posts\/1743","targetHints":{"allow":["GET"]}}],"collection":[{"href":"https:\/\/aeamesp.org.br\/site2025\/wp-json\/wp\/v2\/posts"}],"about":[{"href":"https:\/\/aeamesp.org.br\/site2025\/wp-json\/wp\/v2\/types\/post"}],"author":[{"embeddable":true,"href":"https:\/\/aeamesp.org.br\/site2025\/wp-json\/wp\/v2\/users\/1"}],"replies":[{"embeddable":true,"href":"https:\/\/aeamesp.org.br\/site2025\/wp-json\/wp\/v2\/comments?post=1743"}],"version-history":[{"count":0,"href":"https:\/\/aeamesp.org.br\/site2025\/wp-json\/wp\/v2\/posts\/1743\/revisions"}],"wp:attachment":[{"href":"https:\/\/aeamesp.org.br\/site2025\/wp-json\/wp\/v2\/media?parent=1743"}],"wp:term":[{"taxonomy":"category","embeddable":true,"href":"https:\/\/aeamesp.org.br\/site2025\/wp-json\/wp\/v2\/categories?post=1743"},{"taxonomy":"post_tag","embeddable":true,"href":"https:\/\/aeamesp.org.br\/site2025\/wp-json\/wp\/v2\/tags?post=1743"}],"curies":[{"name":"wp","href":"https:\/\/api.w.org\/{rel}","templated":true}]}}