{"id":1744,"date":"2012-12-13T21:12:13","date_gmt":"1899-12-30T00:00:00","guid":{"rendered":"https:\/\/aeamesp.org.br\/site2025\/influencia-de-concentradores-de-tensoes-em-furos-realizados-em-trilhos-para-utilizacao-de-tala-de-juncao\/"},"modified":"2012-12-13T21:12:13","modified_gmt":"1899-12-30T00:00:00","slug":"influencia-de-concentradores-de-tensoes-em-furos-realizados-em-trilhos-para-utilizacao-de-tala-de-juncao","status":"publish","type":"post","link":"https:\/\/aeamesp.org.br\/site2025\/influencia-de-concentradores-de-tensoes-em-furos-realizados-em-trilhos-para-utilizacao-de-tala-de-juncao\/","title":{"rendered":"Influ\u00eancia de concentradores de tens\u00f5es em furos realizados em trilhos para utiliza\u00e7\u00e3o de tala de jun\u00e7\u00e3o"},"content":{"rendered":"<p><strong>Autoria: Thiago Viana; Fernanda Pereira &#8211; VALE<\/strong><\/p>\n<hr \/>\n<p style=\"text-align: justify;\"><strong>\u00a0 \u00a0Diagnosticar a causa da fratura transversal ocorrida em um TR-45 na regi\u00e3o da sede de fixa\u00e7\u00e3o do parafuso de uni\u00e3o\/entalamento entre trilhos e tala de jun\u00e7\u00e3o.<\/strong><\/p>\n<hr \/>\n<p><a href=\"http:\/\/www.aeamesp.org.br\/biblioteca\/stm\/18smtf120913t28.pdf\" target=\"_blank\">http:\/\/www.aeamesp.org.br\/biblioteca\/stm\/18smtf120913t28.pdf<\/a><\/p>\n","protected":false},"excerpt":{"rendered":"<p>Autoria: Thiago Viana; Fernanda Pereira &#8211; VALE \u00a0 \u00a0Diagnosticar a&hellip;<\/p>\n<p> <a class=\"more-link\" href=\"https:\/\/aeamesp.org.br\/site2025\/influencia-de-concentradores-de-tensoes-em-furos-realizados-em-trilhos-para-utilizacao-de-tala-de-juncao\/\">Leia mais<\/a><\/p>\n","protected":false},"author":1,"featured_media":0,"comment_status":"open","ping_status":"open","sticky":false,"template":"","format":"standard","meta":{"pagelayer_contact_templates":[],"_pagelayer_content":"","_kadence_starter_templates_imported_post":false,"footnotes":""},"categories":[38],"tags":[],"class_list":{"0":"post-1744","1":"post","2":"type-post","3":"status-publish","4":"format-standard","6":"category-18a-semana-de-tecnologia-metroferroviaria"},"_links":{"self":[{"href":"https:\/\/aeamesp.org.br\/site2025\/wp-json\/wp\/v2\/posts\/1744","targetHints":{"allow":["GET"]}}],"collection":[{"href":"https:\/\/aeamesp.org.br\/site2025\/wp-json\/wp\/v2\/posts"}],"about":[{"href":"https:\/\/aeamesp.org.br\/site2025\/wp-json\/wp\/v2\/types\/post"}],"author":[{"embeddable":true,"href":"https:\/\/aeamesp.org.br\/site2025\/wp-json\/wp\/v2\/users\/1"}],"replies":[{"embeddable":true,"href":"https:\/\/aeamesp.org.br\/site2025\/wp-json\/wp\/v2\/comments?post=1744"}],"version-history":[{"count":0,"href":"https:\/\/aeamesp.org.br\/site2025\/wp-json\/wp\/v2\/posts\/1744\/revisions"}],"wp:attachment":[{"href":"https:\/\/aeamesp.org.br\/site2025\/wp-json\/wp\/v2\/media?parent=1744"}],"wp:term":[{"taxonomy":"category","embeddable":true,"href":"https:\/\/aeamesp.org.br\/site2025\/wp-json\/wp\/v2\/categories?post=1744"},{"taxonomy":"post_tag","embeddable":true,"href":"https:\/\/aeamesp.org.br\/site2025\/wp-json\/wp\/v2\/tags?post=1744"}],"curies":[{"name":"wp","href":"https:\/\/api.w.org\/{rel}","templated":true}]}}