{"id":1748,"date":"2012-12-13T21:12:13","date_gmt":"1899-12-30T00:00:00","guid":{"rendered":"https:\/\/aeamesp.org.br\/site2025\/analise-de-fratura-em-trilho\/"},"modified":"2012-12-13T21:12:13","modified_gmt":"1899-12-30T00:00:00","slug":"analise-de-fratura-em-trilho","status":"publish","type":"post","link":"https:\/\/aeamesp.org.br\/site2025\/analise-de-fratura-em-trilho\/","title":{"rendered":"An\u00e1lise de fratura em trilho"},"content":{"rendered":"<p><strong>Autoria: Thiago Viana; Fernanda Pereira &#8211; VALE<\/strong><\/p>\n<hr \/>\n<p style=\"text-align: justify;\"><strong>\u00a0 \u00a0Conhecer as causas que podem levar rupturas em trilhos \u00e9 fundamental para que se consiga tra\u00e7ar a\u00e7\u00f5es preventivas para esses acontecimentos. Buscou-se neste estudo de caso, analisar falha de ruptura ocorrida no trilho (TR-37) ocasionando o descarrilamento, semi tombamento e tombamento dos vag\u00f5es.<\/strong><\/p>\n<hr \/>\n<p style=\"text-align: justify;\"><a href=\"http:\/\/www.aeamesp.org.br\/biblioteca\/stm\/18smtf120913t32.pdf\" target=\"_blank\">http:\/\/www.aeamesp.org.br\/biblioteca\/stm\/18smtf120913t32.pdf<\/a><\/p>\n","protected":false},"excerpt":{"rendered":"<p>Autoria: Thiago Viana; Fernanda Pereira &#8211; VALE \u00a0 \u00a0Conhecer as&hellip;<\/p>\n<p> <a class=\"more-link\" href=\"https:\/\/aeamesp.org.br\/site2025\/analise-de-fratura-em-trilho\/\">Leia mais<\/a><\/p>\n","protected":false},"author":1,"featured_media":0,"comment_status":"open","ping_status":"open","sticky":false,"template":"","format":"standard","meta":{"pagelayer_contact_templates":[],"_pagelayer_content":"","_kadence_starter_templates_imported_post":false,"footnotes":""},"categories":[38],"tags":[],"class_list":{"0":"post-1748","1":"post","2":"type-post","3":"status-publish","4":"format-standard","6":"category-18a-semana-de-tecnologia-metroferroviaria"},"_links":{"self":[{"href":"https:\/\/aeamesp.org.br\/site2025\/wp-json\/wp\/v2\/posts\/1748","targetHints":{"allow":["GET"]}}],"collection":[{"href":"https:\/\/aeamesp.org.br\/site2025\/wp-json\/wp\/v2\/posts"}],"about":[{"href":"https:\/\/aeamesp.org.br\/site2025\/wp-json\/wp\/v2\/types\/post"}],"author":[{"embeddable":true,"href":"https:\/\/aeamesp.org.br\/site2025\/wp-json\/wp\/v2\/users\/1"}],"replies":[{"embeddable":true,"href":"https:\/\/aeamesp.org.br\/site2025\/wp-json\/wp\/v2\/comments?post=1748"}],"version-history":[{"count":0,"href":"https:\/\/aeamesp.org.br\/site2025\/wp-json\/wp\/v2\/posts\/1748\/revisions"}],"wp:attachment":[{"href":"https:\/\/aeamesp.org.br\/site2025\/wp-json\/wp\/v2\/media?parent=1748"}],"wp:term":[{"taxonomy":"category","embeddable":true,"href":"https:\/\/aeamesp.org.br\/site2025\/wp-json\/wp\/v2\/categories?post=1748"},{"taxonomy":"post_tag","embeddable":true,"href":"https:\/\/aeamesp.org.br\/site2025\/wp-json\/wp\/v2\/tags?post=1748"}],"curies":[{"name":"wp","href":"https:\/\/api.w.org\/{rel}","templated":true}]}}