{"id":1756,"date":"2012-12-13T21:12:13","date_gmt":"1899-12-30T00:00:00","guid":{"rendered":"https:\/\/aeamesp.org.br\/site2025\/tecnologias-e-interoperabilidade-no-transporte-ferroviario-3\/"},"modified":"2012-12-13T21:12:13","modified_gmt":"1899-12-30T00:00:00","slug":"tecnologias-e-interoperabilidade-no-transporte-ferroviario-3","status":"publish","type":"post","link":"https:\/\/aeamesp.org.br\/site2025\/tecnologias-e-interoperabilidade-no-transporte-ferroviario-3\/","title":{"rendered":"Tecnologias e Interoperabilidade no Transporte Ferrovi\u00e1rio"},"content":{"rendered":"<p><strong>Autoria: Sergio Guedelha Coutinho &#8211; AEAMESP<\/strong><\/p>\n<hr \/>\n<p style=\"text-align: justify;\"><strong>\u00a0 \u00a0A Resolu\u00e7\u00e3o ANTT n\u00ba 3.695\/11 de 14\/07\/11 aprovou o Regulamento de Opera\u00e7\u00f5es de Direito de Passagem e Tr\u00e1fego M\u00fatuo para a Integra\u00e7\u00e3o do Sistema Ferrovi\u00e1rio Nacional e ferrovias constru\u00eddas pela VALEC devem operam num modelo desagregado, separando a opera\u00e7\u00e3o da infraestrutura da opera\u00e7\u00e3o dos trens, medidas do governo federal que apontam para o modelo europeu de explora\u00e7\u00e3o de ferrovias.<\/strong><br \/>\n<strong>\u00a0Em 2001 o Parlamento Europeu decidiu pela desagrega\u00e7\u00e3o das ferrovias. Em 2005 foi criada a ERA-European Railway Agency para promover e garantir a interoperabilidade das ferrovias de carga e passageiros da Comunidade Europ\u00e9ia, Para isso foram firmados memorandos de entendimento entre o Regulador, os Operadores e a Ind\u00fastria, padronizando as tecnologias de comunica\u00e7\u00e3o e de sinaliza\u00e7\u00e3o (GSM-R, ETCS e ERTMS). Atualmente esses padr\u00f5es s\u00e3o adotados globalmente, inclusive na Austr\u00e1lia, China, \u00cdndia e Ar\u00e1bia Saudita entre outros. Desta forma, este painel tem como objetivo discutir como o Brasil deve estabelecer padr\u00f5es tecnol\u00f3gicos de telecomunica\u00e7\u00f5es e de sinaliza\u00e7\u00e3o que possibilitem a interoperabilidade entre as diferentes concession\u00e1rias de carga e passageiros no pa\u00eds, criando uma malha integrada e fluida.<\/strong><\/p>\n<hr \/>\n<p><a href=\"http:\/\/www.aeamesp.org.br\/biblioteca\/stm\/18smtf120913pl08t01.pdf\" target=\"_blank\">http:\/\/www.aeamesp.org.br\/biblioteca\/stm\/18smtf120913pl08t01.pdf<\/a><\/p>\n","protected":false},"excerpt":{"rendered":"<p>Autoria: Sergio Guedelha Coutinho &#8211; AEAMESP \u00a0 \u00a0A Resolu\u00e7\u00e3o ANTT&hellip;<\/p>\n<p> <a class=\"more-link\" href=\"https:\/\/aeamesp.org.br\/site2025\/tecnologias-e-interoperabilidade-no-transporte-ferroviario-3\/\">Leia mais<\/a><\/p>\n","protected":false},"author":1,"featured_media":0,"comment_status":"open","ping_status":"open","sticky":false,"template":"","format":"standard","meta":{"pagelayer_contact_templates":[],"_pagelayer_content":"","_kadence_starter_templates_imported_post":false,"footnotes":""},"categories":[38],"tags":[],"class_list":{"0":"post-1756","1":"post","2":"type-post","3":"status-publish","4":"format-standard","6":"category-18a-semana-de-tecnologia-metroferroviaria"},"_links":{"self":[{"href":"https:\/\/aeamesp.org.br\/site2025\/wp-json\/wp\/v2\/posts\/1756","targetHints":{"allow":["GET"]}}],"collection":[{"href":"https:\/\/aeamesp.org.br\/site2025\/wp-json\/wp\/v2\/posts"}],"about":[{"href":"https:\/\/aeamesp.org.br\/site2025\/wp-json\/wp\/v2\/types\/post"}],"author":[{"embeddable":true,"href":"https:\/\/aeamesp.org.br\/site2025\/wp-json\/wp\/v2\/users\/1"}],"replies":[{"embeddable":true,"href":"https:\/\/aeamesp.org.br\/site2025\/wp-json\/wp\/v2\/comments?post=1756"}],"version-history":[{"count":0,"href":"https:\/\/aeamesp.org.br\/site2025\/wp-json\/wp\/v2\/posts\/1756\/revisions"}],"wp:attachment":[{"href":"https:\/\/aeamesp.org.br\/site2025\/wp-json\/wp\/v2\/media?parent=1756"}],"wp:term":[{"taxonomy":"category","embeddable":true,"href":"https:\/\/aeamesp.org.br\/site2025\/wp-json\/wp\/v2\/categories?post=1756"},{"taxonomy":"post_tag","embeddable":true,"href":"https:\/\/aeamesp.org.br\/site2025\/wp-json\/wp\/v2\/tags?post=1756"}],"curies":[{"name":"wp","href":"https:\/\/api.w.org\/{rel}","templated":true}]}}