{"id":1768,"date":"2012-12-13T21:12:13","date_gmt":"1899-12-30T00:00:00","guid":{"rendered":"https:\/\/aeamesp.org.br\/site2025\/integracao-em-estruturas-conectadas-ou-compartilhadas-caracteristicas-distintivas-nas-estacoes-da-luz-e-tamanduatei\/"},"modified":"2012-12-13T21:12:13","modified_gmt":"1899-12-30T00:00:00","slug":"integracao-em-estruturas-conectadas-ou-compartilhadas-caracteristicas-distintivas-nas-estacoes-da-luz-e-tamanduatei","status":"publish","type":"post","link":"https:\/\/aeamesp.org.br\/site2025\/integracao-em-estruturas-conectadas-ou-compartilhadas-caracteristicas-distintivas-nas-estacoes-da-luz-e-tamanduatei\/","title":{"rendered":"Integra\u00e7\u00e3o em estruturas conectadas ou compartilhadas: caracter\u00edsticas distintivas nas esta\u00e7\u00f5es da Luz e Tamanduate\u00ed."},"content":{"rendered":"<p style=\"text-align: justify;\"><strong>Autoria: Bruno Ribeiro Fernandes; Rafael Ant\u00f4nio Cunha Perrone &#8211; Mackenzie<\/strong><\/p>\n<hr \/>\n<p style=\"text-align: justify;\"><strong>\u00a0 \u00a0Este trabalho tem por objetivo principal analisar a organiza\u00e7\u00e3o espacial da esta\u00e7\u00e3o da Luz e da esta\u00e7\u00e3o Tamanduate\u00ed em S\u00e3o Paulo como parte de uma pesquisa de doutorado que est\u00e1 sendo realizada na Faculdade de Arquitetura e Urbanismo da Universidade de S\u00e3o Paulo sobre as transforma\u00e7\u00f5es das esta\u00e7\u00f5es ferrovi\u00e1rias com o advento da integra\u00e7\u00e3o com a rede do Metr\u00f4 na cidade de S\u00e3o Paulo de 1979 at\u00e9 2010. A esta\u00e7\u00e3o da Luz da CPTM e do Metr\u00f4 s\u00e3o estruturas existentes conectadas por uma galeria subterr\u00e2nea, que permite a transfer\u00eancia entre os modais. A esta\u00e7\u00e3o Tamanduate\u00ed \u00e9 uma estrutura compartilhada, com um mezanino constru\u00eddo entre as plataformas elevadas do Metr\u00f4 e as plataformas da CPTM na superf\u00edcie. A an\u00e1lise das esta\u00e7\u00f5es \u00e9 baseada em tr\u00eas aspectos: a organiza\u00e7\u00e3o espacial da esta\u00e7\u00e3o ferrovi\u00e1ria e metrovi\u00e1ria, a integra\u00e7\u00e3o f\u00edsica e o atendimento ao fluxo de transfer\u00eancia.<\/strong><\/p>\n<hr \/>\n<p style=\"text-align: justify;\"><a href=\"http:\/\/www.aeamesp.org.br\/biblioteca\/stm\/18smtf120914t44.pdf\" target=\"_blank\">http:\/\/www.aeamesp.org.br\/biblioteca\/stm\/18smtf120914t44.pdf<\/a><\/p>\n","protected":false},"excerpt":{"rendered":"<p>Autoria: Bruno Ribeiro Fernandes; Rafael Ant\u00f4nio Cunha Perrone &#8211; Mackenzie&hellip;<\/p>\n<p> <a class=\"more-link\" href=\"https:\/\/aeamesp.org.br\/site2025\/integracao-em-estruturas-conectadas-ou-compartilhadas-caracteristicas-distintivas-nas-estacoes-da-luz-e-tamanduatei\/\">Leia mais<\/a><\/p>\n","protected":false},"author":1,"featured_media":0,"comment_status":"open","ping_status":"open","sticky":false,"template":"","format":"standard","meta":{"pagelayer_contact_templates":[],"_pagelayer_content":"","_kadence_starter_templates_imported_post":false,"footnotes":""},"categories":[38],"tags":[],"class_list":{"0":"post-1768","1":"post","2":"type-post","3":"status-publish","4":"format-standard","6":"category-18a-semana-de-tecnologia-metroferroviaria"},"_links":{"self":[{"href":"https:\/\/aeamesp.org.br\/site2025\/wp-json\/wp\/v2\/posts\/1768","targetHints":{"allow":["GET"]}}],"collection":[{"href":"https:\/\/aeamesp.org.br\/site2025\/wp-json\/wp\/v2\/posts"}],"about":[{"href":"https:\/\/aeamesp.org.br\/site2025\/wp-json\/wp\/v2\/types\/post"}],"author":[{"embeddable":true,"href":"https:\/\/aeamesp.org.br\/site2025\/wp-json\/wp\/v2\/users\/1"}],"replies":[{"embeddable":true,"href":"https:\/\/aeamesp.org.br\/site2025\/wp-json\/wp\/v2\/comments?post=1768"}],"version-history":[{"count":0,"href":"https:\/\/aeamesp.org.br\/site2025\/wp-json\/wp\/v2\/posts\/1768\/revisions"}],"wp:attachment":[{"href":"https:\/\/aeamesp.org.br\/site2025\/wp-json\/wp\/v2\/media?parent=1768"}],"wp:term":[{"taxonomy":"category","embeddable":true,"href":"https:\/\/aeamesp.org.br\/site2025\/wp-json\/wp\/v2\/categories?post=1768"},{"taxonomy":"post_tag","embeddable":true,"href":"https:\/\/aeamesp.org.br\/site2025\/wp-json\/wp\/v2\/tags?post=1768"}],"curies":[{"name":"wp","href":"https:\/\/api.w.org\/{rel}","templated":true}]}}