{"id":1769,"date":"2012-12-13T21:12:13","date_gmt":"1899-12-30T00:00:00","guid":{"rendered":"https:\/\/aeamesp.org.br\/site2025\/participacao-privada-no-setor-metroverroviario-quando-e-como-3\/"},"modified":"2012-12-13T21:12:13","modified_gmt":"1899-12-30T00:00:00","slug":"participacao-privada-no-setor-metroverroviario-quando-e-como-3","status":"publish","type":"post","link":"https:\/\/aeamesp.org.br\/site2025\/participacao-privada-no-setor-metroverroviario-quando-e-como-3\/","title":{"rendered":"Participa\u00e7\u00e3o Privada no Setor Metroverrovi\u00e1rio Quando e Como?"},"content":{"rendered":"<p style=\"text-align: justify;\"><strong>Autoria: Marcos Jos\u00e9 Botelho Bicalho &#8211; Odebrecht Transport<\/strong><\/p>\n<hr \/>\n<p style=\"text-align: justify;\"><strong>\u00a0 \u00a0Apresentar os conceitos e as diversas aplica\u00e7\u00f5es no setor p\u00fablico. Vantagens e desvantagens pelas op\u00e7\u00f5es de escolha de investimentos.<\/strong><br \/>\n<strong> Qual a import\u00e2ncia da Ag\u00eancia Reguladora no processo de consolida\u00e7\u00e3o e no processo de manuten\u00e7\u00e3o desses empreendimentos?<\/strong><\/p>\n<hr \/>\n<p><a href=\"http:\/\/www.aeamesp.org.br\/biblioteca\/stm\/18smtf120914pl09t01.pdf\" target=\"_blank\">http:\/\/www.aeamesp.org.br\/biblioteca\/stm\/18smtf120914pl09t01.pdf<\/a><\/p>\n","protected":false},"excerpt":{"rendered":"<p>Autoria: Marcos Jos\u00e9 Botelho Bicalho &#8211; Odebrecht Transport \u00a0 \u00a0Apresentar&hellip;<\/p>\n<p> <a class=\"more-link\" href=\"https:\/\/aeamesp.org.br\/site2025\/participacao-privada-no-setor-metroverroviario-quando-e-como-3\/\">Leia mais<\/a><\/p>\n","protected":false},"author":1,"featured_media":0,"comment_status":"open","ping_status":"open","sticky":false,"template":"","format":"standard","meta":{"pagelayer_contact_templates":[],"_pagelayer_content":"","_kadence_starter_templates_imported_post":false,"footnotes":""},"categories":[38],"tags":[],"class_list":{"0":"post-1769","1":"post","2":"type-post","3":"status-publish","4":"format-standard","6":"category-18a-semana-de-tecnologia-metroferroviaria"},"_links":{"self":[{"href":"https:\/\/aeamesp.org.br\/site2025\/wp-json\/wp\/v2\/posts\/1769","targetHints":{"allow":["GET"]}}],"collection":[{"href":"https:\/\/aeamesp.org.br\/site2025\/wp-json\/wp\/v2\/posts"}],"about":[{"href":"https:\/\/aeamesp.org.br\/site2025\/wp-json\/wp\/v2\/types\/post"}],"author":[{"embeddable":true,"href":"https:\/\/aeamesp.org.br\/site2025\/wp-json\/wp\/v2\/users\/1"}],"replies":[{"embeddable":true,"href":"https:\/\/aeamesp.org.br\/site2025\/wp-json\/wp\/v2\/comments?post=1769"}],"version-history":[{"count":0,"href":"https:\/\/aeamesp.org.br\/site2025\/wp-json\/wp\/v2\/posts\/1769\/revisions"}],"wp:attachment":[{"href":"https:\/\/aeamesp.org.br\/site2025\/wp-json\/wp\/v2\/media?parent=1769"}],"wp:term":[{"taxonomy":"category","embeddable":true,"href":"https:\/\/aeamesp.org.br\/site2025\/wp-json\/wp\/v2\/categories?post=1769"},{"taxonomy":"post_tag","embeddable":true,"href":"https:\/\/aeamesp.org.br\/site2025\/wp-json\/wp\/v2\/tags?post=1769"}],"curies":[{"name":"wp","href":"https:\/\/api.w.org\/{rel}","templated":true}]}}