{"id":1772,"date":"2012-12-13T21:12:13","date_gmt":"1899-12-30T00:00:00","guid":{"rendered":"https:\/\/aeamesp.org.br\/site2025\/os-desafios-operacionais-frente-as-demandas\/"},"modified":"2012-12-13T21:12:13","modified_gmt":"1899-12-30T00:00:00","slug":"os-desafios-operacionais-frente-as-demandas","status":"publish","type":"post","link":"https:\/\/aeamesp.org.br\/site2025\/os-desafios-operacionais-frente-as-demandas\/","title":{"rendered":"Os Desafios Operacionais Frente as Demandas"},"content":{"rendered":"<p><strong>Autoria:M\u00e1rio Manuel Seabra Rodrigues Bandeira &#8211; CPTM<\/strong><\/p>\n<hr \/>\n<p style=\"text-align: justify;\"><strong>\u00a0 \u00a0Apresentar as melhores pr\u00e1ticas e mostrar como as Operadoras gerenciam seus processos de opera\u00e7\u00e3o e manuten\u00e7\u00e3o para manter a qualidade dos servi\u00e7os prestados e o desempenho operacional dos sistemas, equipamentos e instala\u00e7\u00f5es frente ao crescente aumento de demanda de usu\u00e1rios, decorrente das integra\u00e7\u00f5es f\u00edsicas e tarif\u00e1rias e dos investimentos realizados em expans\u00f5es e moderniza\u00e7\u00f5es.<\/strong><\/p>\n<hr \/>\n<p><a href=\"http:\/\/www.aeamesp.org.br\/biblioteca\/stm\/18smtf120914pl10t01.pdf\" target=\"_blank\">http:\/\/www.aeamesp.org.br\/biblioteca\/stm\/18smtf120914pl10t01.pdf<\/a><\/p>\n","protected":false},"excerpt":{"rendered":"<p>Autoria:M\u00e1rio Manuel Seabra Rodrigues Bandeira &#8211; CPTM \u00a0 \u00a0Apresentar as&hellip;<\/p>\n<p> <a class=\"more-link\" href=\"https:\/\/aeamesp.org.br\/site2025\/os-desafios-operacionais-frente-as-demandas\/\">Leia mais<\/a><\/p>\n","protected":false},"author":1,"featured_media":0,"comment_status":"open","ping_status":"open","sticky":false,"template":"","format":"standard","meta":{"pagelayer_contact_templates":[],"_pagelayer_content":"","_kadence_starter_templates_imported_post":false,"footnotes":""},"categories":[38],"tags":[],"class_list":{"0":"post-1772","1":"post","2":"type-post","3":"status-publish","4":"format-standard","6":"category-18a-semana-de-tecnologia-metroferroviaria"},"_links":{"self":[{"href":"https:\/\/aeamesp.org.br\/site2025\/wp-json\/wp\/v2\/posts\/1772","targetHints":{"allow":["GET"]}}],"collection":[{"href":"https:\/\/aeamesp.org.br\/site2025\/wp-json\/wp\/v2\/posts"}],"about":[{"href":"https:\/\/aeamesp.org.br\/site2025\/wp-json\/wp\/v2\/types\/post"}],"author":[{"embeddable":true,"href":"https:\/\/aeamesp.org.br\/site2025\/wp-json\/wp\/v2\/users\/1"}],"replies":[{"embeddable":true,"href":"https:\/\/aeamesp.org.br\/site2025\/wp-json\/wp\/v2\/comments?post=1772"}],"version-history":[{"count":0,"href":"https:\/\/aeamesp.org.br\/site2025\/wp-json\/wp\/v2\/posts\/1772\/revisions"}],"wp:attachment":[{"href":"https:\/\/aeamesp.org.br\/site2025\/wp-json\/wp\/v2\/media?parent=1772"}],"wp:term":[{"taxonomy":"category","embeddable":true,"href":"https:\/\/aeamesp.org.br\/site2025\/wp-json\/wp\/v2\/categories?post=1772"},{"taxonomy":"post_tag","embeddable":true,"href":"https:\/\/aeamesp.org.br\/site2025\/wp-json\/wp\/v2\/tags?post=1772"}],"curies":[{"name":"wp","href":"https:\/\/api.w.org\/{rel}","templated":true}]}}