{"id":1789,"date":"2013-12-13T21:12:13","date_gmt":"1899-12-30T00:00:00","guid":{"rendered":"https:\/\/aeamesp.org.br\/site2025\/analise-da-emissao-de-co2-em-sistemas-metroviarios\/"},"modified":"2013-12-13T21:12:13","modified_gmt":"1899-12-30T00:00:00","slug":"analise-da-emissao-de-co2-em-sistemas-metroviarios","status":"publish","type":"post","link":"https:\/\/aeamesp.org.br\/site2025\/analise-da-emissao-de-co2-em-sistemas-metroviarios\/","title":{"rendered":"An\u00e1lise da Emiss\u00e3o de CO2 em Sistemas Metrovi\u00e1rios"},"content":{"rendered":"<p style=\"text-align: justify;\"><strong>Autoria: Carlos Eduardo Sanches de Andrade; M\u00e1rcio de Almeida D&#8217;Agosto &#8211; Metr\u00f4Rio<\/strong><\/p>\n<hr \/>\n<p style=\"text-align: justify;\"><strong>\u00a0 \u00a0O objetivo deste trabalho \u00e9 analisar a emiss\u00e3o de CO2 por sistemas metrovi\u00e1rios, apresentar as diferentes abordagens adotadas por pesquisadores e por alguns sistemas metrovi\u00e1rios em todo mundo e mostrar poss\u00edveis a\u00e7\u00f5es de mitiga\u00e7\u00e3o dos impactos ambientais.<\/strong><\/p>\n<hr \/>\n<p><a href=\"http:\/\/www.aeamesp.org.br\/biblioteca\/stm\/19smtf130911T14rl.pdf\" target=\"_blank\">http:\/\/www.aeamesp.org.br\/biblioteca\/stm\/19smtf130911T14rl.pdf<\/a><\/p>\n<p><a href=\"http:\/\/www.aeamesp.org.br\/biblioteca\/stm\/19smtf130911T14ap.pdf\" target=\"_blank\">http:\/\/www.aeamesp.org.br\/biblioteca\/stm\/19smtf130911T14ap.pdf<\/a><\/p>\n","protected":false},"excerpt":{"rendered":"<p>Autoria: Carlos Eduardo Sanches de Andrade; M\u00e1rcio de Almeida D&#8217;Agosto&hellip;<\/p>\n<p> <a class=\"more-link\" href=\"https:\/\/aeamesp.org.br\/site2025\/analise-da-emissao-de-co2-em-sistemas-metroviarios\/\">Leia mais<\/a><\/p>\n","protected":false},"author":1,"featured_media":0,"comment_status":"open","ping_status":"open","sticky":false,"template":"","format":"standard","meta":{"pagelayer_contact_templates":[],"_pagelayer_content":"","_kadence_starter_templates_imported_post":false,"footnotes":""},"categories":[39],"tags":[],"class_list":{"0":"post-1789","1":"post","2":"type-post","3":"status-publish","4":"format-standard","6":"category-19a-semana-de-tecnologia-metroferroviaria"},"_links":{"self":[{"href":"https:\/\/aeamesp.org.br\/site2025\/wp-json\/wp\/v2\/posts\/1789","targetHints":{"allow":["GET"]}}],"collection":[{"href":"https:\/\/aeamesp.org.br\/site2025\/wp-json\/wp\/v2\/posts"}],"about":[{"href":"https:\/\/aeamesp.org.br\/site2025\/wp-json\/wp\/v2\/types\/post"}],"author":[{"embeddable":true,"href":"https:\/\/aeamesp.org.br\/site2025\/wp-json\/wp\/v2\/users\/1"}],"replies":[{"embeddable":true,"href":"https:\/\/aeamesp.org.br\/site2025\/wp-json\/wp\/v2\/comments?post=1789"}],"version-history":[{"count":0,"href":"https:\/\/aeamesp.org.br\/site2025\/wp-json\/wp\/v2\/posts\/1789\/revisions"}],"wp:attachment":[{"href":"https:\/\/aeamesp.org.br\/site2025\/wp-json\/wp\/v2\/media?parent=1789"}],"wp:term":[{"taxonomy":"category","embeddable":true,"href":"https:\/\/aeamesp.org.br\/site2025\/wp-json\/wp\/v2\/categories?post=1789"},{"taxonomy":"post_tag","embeddable":true,"href":"https:\/\/aeamesp.org.br\/site2025\/wp-json\/wp\/v2\/tags?post=1789"}],"curies":[{"name":"wp","href":"https:\/\/api.w.org\/{rel}","templated":true}]}}