{"id":179,"date":"2013-06-05T18:44:01","date_gmt":"2013-06-05T18:44:01","guid":{"rendered":"http:\/\/108.179.192.190\/~aeame901\/?p=179"},"modified":"2013-06-05T18:44:01","modified_gmt":"2013-06-05T18:44:01","slug":"utilizacao-de-fibra-otica-fo-no-sistema-cbtc-ao-longo-da-via-permanente-anel-otico-e-no-material-rodante-2","status":"publish","type":"post","link":"https:\/\/aeamesp.org.br\/site2025\/utilizacao-de-fibra-otica-fo-no-sistema-cbtc-ao-longo-da-via-permanente-anel-otico-e-no-material-rodante-2\/","title":{"rendered":"Utiliza\u00e7\u00e3o de Fibra \u00d3tica (FO) no sistema CBTC ao longo da via permanente (anel \u00f3tico) e no material rodante"},"content":{"rendered":"<p>Autoria:\u00a0Louis Eric &#8211; Huber+Suhner<\/p>\n<p>Palestra realizada na AEAMESP pelos representantes da Huber+Suhner, Louis Eric e Said Hessari<\/p>\n<p><a href=\"https:\/\/issuu.com\/efzy\/docs\/aprstcplstr130605ap2\/1?e=2834637\/3123678\" target=\"_blank\">Apresenta\u00e7\u00e3od e slides<\/a><\/p>\n","protected":false},"excerpt":{"rendered":"<p>Autoria:\u00a0Louis Eric &#8211; Huber+Suhner Palestra realizada na AEAMESP pelos representantes&hellip;<\/p>\n<p> <a class=\"more-link\" href=\"https:\/\/aeamesp.org.br\/site2025\/utilizacao-de-fibra-otica-fo-no-sistema-cbtc-ao-longo-da-via-permanente-anel-otico-e-no-material-rodante-2\/\">Leia mais<\/a><\/p>\n","protected":false},"author":1,"featured_media":180,"comment_status":"open","ping_status":"open","sticky":false,"template":"","format":"standard","meta":{"pagelayer_contact_templates":[],"_pagelayer_content":"","_kadence_starter_templates_imported_post":false,"footnotes":""},"categories":[55],"tags":[],"class_list":{"0":"post-179","1":"post","2":"type-post","3":"status-publish","4":"format-standard","5":"has-post-thumbnail","7":"category-debates-tecnologicos"},"_links":{"self":[{"href":"https:\/\/aeamesp.org.br\/site2025\/wp-json\/wp\/v2\/posts\/179","targetHints":{"allow":["GET"]}}],"collection":[{"href":"https:\/\/aeamesp.org.br\/site2025\/wp-json\/wp\/v2\/posts"}],"about":[{"href":"https:\/\/aeamesp.org.br\/site2025\/wp-json\/wp\/v2\/types\/post"}],"author":[{"embeddable":true,"href":"https:\/\/aeamesp.org.br\/site2025\/wp-json\/wp\/v2\/users\/1"}],"replies":[{"embeddable":true,"href":"https:\/\/aeamesp.org.br\/site2025\/wp-json\/wp\/v2\/comments?post=179"}],"version-history":[{"count":0,"href":"https:\/\/aeamesp.org.br\/site2025\/wp-json\/wp\/v2\/posts\/179\/revisions"}],"wp:featuredmedia":[{"embeddable":true,"href":"https:\/\/aeamesp.org.br\/site2025\/wp-json\/wp\/v2\/media\/180"}],"wp:attachment":[{"href":"https:\/\/aeamesp.org.br\/site2025\/wp-json\/wp\/v2\/media?parent=179"}],"wp:term":[{"taxonomy":"category","embeddable":true,"href":"https:\/\/aeamesp.org.br\/site2025\/wp-json\/wp\/v2\/categories?post=179"},{"taxonomy":"post_tag","embeddable":true,"href":"https:\/\/aeamesp.org.br\/site2025\/wp-json\/wp\/v2\/tags?post=179"}],"curies":[{"name":"wp","href":"https:\/\/api.w.org\/{rel}","templated":true}]}}