{"id":1792,"date":"2013-12-13T21:12:13","date_gmt":"1899-12-30T00:00:00","guid":{"rendered":"https:\/\/aeamesp.org.br\/site2025\/baterias-do-metrocarro-reutilizacao-em-sistemas-de-energia-estacionarios\/"},"modified":"2013-12-13T21:12:13","modified_gmt":"1899-12-30T00:00:00","slug":"baterias-do-metrocarro-reutilizacao-em-sistemas-de-energia-estacionarios","status":"publish","type":"post","link":"https:\/\/aeamesp.org.br\/site2025\/baterias-do-metrocarro-reutilizacao-em-sistemas-de-energia-estacionarios\/","title":{"rendered":"Baterias do Metrocarro &#8211; Reutiliza\u00e7\u00e3o em sistemas de energia estacion\u00e1rios"},"content":{"rendered":"<p style=\"text-align: justify;\"><strong>Autoria: Luiz do Nascimento Pereira Junior; Ren\u00e9 da Silva Bizarro; Amauri Juvenal Machado &#8211; Metr\u00f4\/SP<\/strong><\/p>\n<hr \/>\n<p style=\"text-align: justify;\"><strong>\u00a0 \u00a0Reaproveitamento dos conjuntos de baterias removidos durante moderniza\u00e7\u00e3o dos trens das frotas das 108\/198 das Linha 1-Azul e Mafersa e Cobrasma da 3-Vermelha, reutilizando-os em sistemas de energia estacion\u00e1rios.<\/strong><\/p>\n<hr \/>\n<p><a href=\"http:\/\/www.aeamesp.org.br\/biblioteca\/stm\/19smtf130912T17rl.pdf\" target=\"_blank\">http:\/\/www.aeamesp.org.br\/biblioteca\/stm\/19smtf130912T17rl.pdf<\/a><\/p>\n<p><a href=\"http:\/\/www.aeamesp.org.br\/biblioteca\/stm\/19smtf130912T17ap.pdf\" target=\"_blank\">http:\/\/www.aeamesp.org.br\/biblioteca\/stm\/19smtf130912T17ap.pdf<\/a><\/p>\n","protected":false},"excerpt":{"rendered":"<p>Autoria: Luiz do Nascimento Pereira Junior; Ren\u00e9 da Silva Bizarro;&hellip;<\/p>\n<p> <a class=\"more-link\" href=\"https:\/\/aeamesp.org.br\/site2025\/baterias-do-metrocarro-reutilizacao-em-sistemas-de-energia-estacionarios\/\">Leia mais<\/a><\/p>\n","protected":false},"author":1,"featured_media":0,"comment_status":"open","ping_status":"open","sticky":false,"template":"","format":"standard","meta":{"pagelayer_contact_templates":[],"_pagelayer_content":"","_kadence_starter_templates_imported_post":false,"footnotes":""},"categories":[39],"tags":[],"class_list":{"0":"post-1792","1":"post","2":"type-post","3":"status-publish","4":"format-standard","6":"category-19a-semana-de-tecnologia-metroferroviaria"},"_links":{"self":[{"href":"https:\/\/aeamesp.org.br\/site2025\/wp-json\/wp\/v2\/posts\/1792","targetHints":{"allow":["GET"]}}],"collection":[{"href":"https:\/\/aeamesp.org.br\/site2025\/wp-json\/wp\/v2\/posts"}],"about":[{"href":"https:\/\/aeamesp.org.br\/site2025\/wp-json\/wp\/v2\/types\/post"}],"author":[{"embeddable":true,"href":"https:\/\/aeamesp.org.br\/site2025\/wp-json\/wp\/v2\/users\/1"}],"replies":[{"embeddable":true,"href":"https:\/\/aeamesp.org.br\/site2025\/wp-json\/wp\/v2\/comments?post=1792"}],"version-history":[{"count":0,"href":"https:\/\/aeamesp.org.br\/site2025\/wp-json\/wp\/v2\/posts\/1792\/revisions"}],"wp:attachment":[{"href":"https:\/\/aeamesp.org.br\/site2025\/wp-json\/wp\/v2\/media?parent=1792"}],"wp:term":[{"taxonomy":"category","embeddable":true,"href":"https:\/\/aeamesp.org.br\/site2025\/wp-json\/wp\/v2\/categories?post=1792"},{"taxonomy":"post_tag","embeddable":true,"href":"https:\/\/aeamesp.org.br\/site2025\/wp-json\/wp\/v2\/tags?post=1792"}],"curies":[{"name":"wp","href":"https:\/\/api.w.org\/{rel}","templated":true}]}}