{"id":1801,"date":"2013-12-13T21:12:13","date_gmt":"1899-12-30T00:00:00","guid":{"rendered":"https:\/\/aeamesp.org.br\/site2025\/frazillio-ferroni-bim-casos-de-implementacao\/"},"modified":"2013-12-13T21:12:13","modified_gmt":"1899-12-30T00:00:00","slug":"frazillio-ferroni-bim-casos-de-implementacao","status":"publish","type":"post","link":"https:\/\/aeamesp.org.br\/site2025\/frazillio-ferroni-bim-casos-de-implementacao\/","title":{"rendered":"Frazillio &#038; Ferroni: BIM &#8211; Casos de Implementa\u00e7\u00e3o"},"content":{"rendered":"<p style=\"text-align: justify;\"><strong>Autoria: Marco Antonio Brasiel Sampaio &#8211; Frazillio &amp; Ferroni<\/strong><\/p>\n<hr \/>\n<p style=\"text-align: justify;\"><strong>\u00a0 \u00a0Ser\u00e3o apresentados casos reais de implementa\u00e7\u00e3o BIM para as diferentes etapas de projeto: estudo conceitual, projeto, constru\u00e7\u00e3o e manuten\u00e7\u00e3o.<\/strong><br \/>\n<strong>\u00a0 \u00a0Ser\u00e1 apresentado tamb\u00e9m o plano de trabalho proposto pela Frazillio Ferroni para viabilizar a implementa\u00e7\u00e3o de BIM, cobrindo desde softwares, capacita\u00e7\u00e3o da equipe, defini\u00e7\u00e3o da metodologia de trabalho e padr\u00f5es, at\u00e9 o acompanhamento da equipe em um projeto assistido.<\/strong><\/p>\n<hr \/>\n<p><a href=\"http:\/\/www.aeamesp.org.br\/biblioteca\/stm\/19smtf130912T26rl.pdf\" target=\"_blank\">http:\/\/www.aeamesp.org.br\/biblioteca\/stm\/19smtf130912T26rl.pdf<\/a><\/p>\n<p><a href=\"http:\/\/www.aeamesp.org.br\/biblioteca\/stm\/19smtf130912T26ap.pdf\" target=\"_blank\">http:\/\/www.aeamesp.org.br\/biblioteca\/stm\/19smtf130912T26ap.pdf<\/a><\/p>\n","protected":false},"excerpt":{"rendered":"<p>Autoria: Marco Antonio Brasiel Sampaio &#8211; Frazillio &amp; Ferroni \u00a0&hellip;<\/p>\n<p> <a class=\"more-link\" href=\"https:\/\/aeamesp.org.br\/site2025\/frazillio-ferroni-bim-casos-de-implementacao\/\">Leia mais<\/a><\/p>\n","protected":false},"author":1,"featured_media":0,"comment_status":"open","ping_status":"open","sticky":false,"template":"","format":"standard","meta":{"pagelayer_contact_templates":[],"_pagelayer_content":"","_kadence_starter_templates_imported_post":false,"footnotes":""},"categories":[39],"tags":[],"class_list":{"0":"post-1801","1":"post","2":"type-post","3":"status-publish","4":"format-standard","6":"category-19a-semana-de-tecnologia-metroferroviaria"},"_links":{"self":[{"href":"https:\/\/aeamesp.org.br\/site2025\/wp-json\/wp\/v2\/posts\/1801","targetHints":{"allow":["GET"]}}],"collection":[{"href":"https:\/\/aeamesp.org.br\/site2025\/wp-json\/wp\/v2\/posts"}],"about":[{"href":"https:\/\/aeamesp.org.br\/site2025\/wp-json\/wp\/v2\/types\/post"}],"author":[{"embeddable":true,"href":"https:\/\/aeamesp.org.br\/site2025\/wp-json\/wp\/v2\/users\/1"}],"replies":[{"embeddable":true,"href":"https:\/\/aeamesp.org.br\/site2025\/wp-json\/wp\/v2\/comments?post=1801"}],"version-history":[{"count":0,"href":"https:\/\/aeamesp.org.br\/site2025\/wp-json\/wp\/v2\/posts\/1801\/revisions"}],"wp:attachment":[{"href":"https:\/\/aeamesp.org.br\/site2025\/wp-json\/wp\/v2\/media?parent=1801"}],"wp:term":[{"taxonomy":"category","embeddable":true,"href":"https:\/\/aeamesp.org.br\/site2025\/wp-json\/wp\/v2\/categories?post=1801"},{"taxonomy":"post_tag","embeddable":true,"href":"https:\/\/aeamesp.org.br\/site2025\/wp-json\/wp\/v2\/tags?post=1801"}],"curies":[{"name":"wp","href":"https:\/\/api.w.org\/{rel}","templated":true}]}}