{"id":1804,"date":"2013-12-13T21:12:13","date_gmt":"1899-12-30T00:00:00","guid":{"rendered":"https:\/\/aeamesp.org.br\/site2025\/energia-fotovoltaica-viabilidade-de-implantacao-no-metro-sp\/"},"modified":"2013-12-13T21:12:13","modified_gmt":"1899-12-30T00:00:00","slug":"energia-fotovoltaica-viabilidade-de-implantacao-no-metro-sp","status":"publish","type":"post","link":"https:\/\/aeamesp.org.br\/site2025\/energia-fotovoltaica-viabilidade-de-implantacao-no-metro-sp\/","title":{"rendered":"Energia Fotovoltaica: Viabilidade de Implanta\u00e7\u00e3o no Metr\u00f4 SP"},"content":{"rendered":"<p style=\"text-align: justify;\"><strong>Autoria: Fabio dos Santos Bernardes; La\u00e9rcio Monteiro Junior; Massaru Saito; Ivan Lubarino P. dos Santos &#8211; Metr\u00f4\/SP<\/strong><\/p>\n<hr \/>\n<p style=\"text-align: justify;\"><strong>\u00a0 \u00a0Apresentar o panorama mundial do estado da arte de energia solar fotovoltaica,como os pa\u00edses europeus est\u00e3o aderindo a esta modalidade de fonte energ\u00e9tica, gera\u00e7\u00f5es atualmente em opera\u00e7\u00e3o no territ\u00f3rio brasileiro e a viabiliddade de implanta\u00e7\u00e3o no Metr\u00f4 SP.<\/strong><\/p>\n<hr \/>\n<p><a href=\"http:\/\/www.aeamesp.org.br\/biblioteca\/stm\/19smtf130912T29rl.pdf\" target=\"_blank\">http:\/\/www.aeamesp.org.br\/biblioteca\/stm\/19smtf130912T29rl.pdf<\/a><\/p>\n<p><a href=\"http:\/\/www.aeamesp.org.br\/biblioteca\/stm\/19smtf130912T29ap.pdf\" target=\"_blank\">http:\/\/www.aeamesp.org.br\/biblioteca\/stm\/19smtf130912T29ap.pdf<\/a><\/p>\n","protected":false},"excerpt":{"rendered":"<p>Autoria: Fabio dos Santos Bernardes; La\u00e9rcio Monteiro Junior; Massaru Saito;&hellip;<\/p>\n<p> <a class=\"more-link\" href=\"https:\/\/aeamesp.org.br\/site2025\/energia-fotovoltaica-viabilidade-de-implantacao-no-metro-sp\/\">Leia mais<\/a><\/p>\n","protected":false},"author":1,"featured_media":0,"comment_status":"open","ping_status":"open","sticky":false,"template":"","format":"standard","meta":{"pagelayer_contact_templates":[],"_pagelayer_content":"","_kadence_starter_templates_imported_post":false,"footnotes":""},"categories":[39],"tags":[],"class_list":{"0":"post-1804","1":"post","2":"type-post","3":"status-publish","4":"format-standard","6":"category-19a-semana-de-tecnologia-metroferroviaria"},"_links":{"self":[{"href":"https:\/\/aeamesp.org.br\/site2025\/wp-json\/wp\/v2\/posts\/1804","targetHints":{"allow":["GET"]}}],"collection":[{"href":"https:\/\/aeamesp.org.br\/site2025\/wp-json\/wp\/v2\/posts"}],"about":[{"href":"https:\/\/aeamesp.org.br\/site2025\/wp-json\/wp\/v2\/types\/post"}],"author":[{"embeddable":true,"href":"https:\/\/aeamesp.org.br\/site2025\/wp-json\/wp\/v2\/users\/1"}],"replies":[{"embeddable":true,"href":"https:\/\/aeamesp.org.br\/site2025\/wp-json\/wp\/v2\/comments?post=1804"}],"version-history":[{"count":0,"href":"https:\/\/aeamesp.org.br\/site2025\/wp-json\/wp\/v2\/posts\/1804\/revisions"}],"wp:attachment":[{"href":"https:\/\/aeamesp.org.br\/site2025\/wp-json\/wp\/v2\/media?parent=1804"}],"wp:term":[{"taxonomy":"category","embeddable":true,"href":"https:\/\/aeamesp.org.br\/site2025\/wp-json\/wp\/v2\/categories?post=1804"},{"taxonomy":"post_tag","embeddable":true,"href":"https:\/\/aeamesp.org.br\/site2025\/wp-json\/wp\/v2\/tags?post=1804"}],"curies":[{"name":"wp","href":"https:\/\/api.w.org\/{rel}","templated":true}]}}