{"id":1816,"date":"2013-12-13T21:12:13","date_gmt":"1899-12-30T00:00:00","guid":{"rendered":"https:\/\/aeamesp.org.br\/site2025\/integracao-dos-sistemas-filosofia-e-concepcao-de-projeto-uto-para-monotrilhos-cbtcuto-da-linha-15-prata-2\/"},"modified":"2013-12-13T21:12:13","modified_gmt":"1899-12-30T00:00:00","slug":"integracao-dos-sistemas-filosofia-e-concepcao-de-projeto-uto-para-monotrilhos-cbtcuto-da-linha-15-prata-2","status":"publish","type":"post","link":"https:\/\/aeamesp.org.br\/site2025\/integracao-dos-sistemas-filosofia-e-concepcao-de-projeto-uto-para-monotrilhos-cbtcuto-da-linha-15-prata-2\/","title":{"rendered":"Integra\u00e7\u00e3o dos Sistemas &#8211; Filosofia e concep\u00e7\u00e3o de projeto UTO para Monotrilhos. CBTC\/UTO da Linha 15-Prata"},"content":{"rendered":"<p style=\"text-align: justify;\"><strong>Autoria: Rubens Navas Borloni; Paulo Resende Lima; Rodrigo Filev Maia; Rodrigo Neves dos Santos &#8211; Metr\u00f4\/SP<\/strong><\/p>\n<hr \/>\n<p><a href=\"http:\/\/www.aeamesp.org.br\/biblioteca\/stm\/19smtf130913T41rl1.pdf\" target=\"_blank\">http:\/\/www.aeamesp.org.br\/biblioteca\/stm\/19smtf130913T41rl1.pdf<\/a><\/p>\n<p><a href=\"http:\/\/www.aeamesp.org.br\/biblioteca\/stm\/19smtf130913T41ap1.pdf\" target=\"_blank\">http:\/\/www.aeamesp.org.br\/biblioteca\/stm\/19smtf130913T41ap1.pdf<\/a><\/p>\n","protected":false},"excerpt":{"rendered":"<p>Autoria: Rubens Navas Borloni; Paulo Resende Lima; Rodrigo Filev Maia;&hellip;<\/p>\n<p> <a class=\"more-link\" href=\"https:\/\/aeamesp.org.br\/site2025\/integracao-dos-sistemas-filosofia-e-concepcao-de-projeto-uto-para-monotrilhos-cbtcuto-da-linha-15-prata-2\/\">Leia mais<\/a><\/p>\n","protected":false},"author":1,"featured_media":0,"comment_status":"open","ping_status":"open","sticky":false,"template":"","format":"standard","meta":{"pagelayer_contact_templates":[],"_pagelayer_content":"","_kadence_starter_templates_imported_post":false,"footnotes":""},"categories":[39],"tags":[],"class_list":{"0":"post-1816","1":"post","2":"type-post","3":"status-publish","4":"format-standard","6":"category-19a-semana-de-tecnologia-metroferroviaria"},"_links":{"self":[{"href":"https:\/\/aeamesp.org.br\/site2025\/wp-json\/wp\/v2\/posts\/1816","targetHints":{"allow":["GET"]}}],"collection":[{"href":"https:\/\/aeamesp.org.br\/site2025\/wp-json\/wp\/v2\/posts"}],"about":[{"href":"https:\/\/aeamesp.org.br\/site2025\/wp-json\/wp\/v2\/types\/post"}],"author":[{"embeddable":true,"href":"https:\/\/aeamesp.org.br\/site2025\/wp-json\/wp\/v2\/users\/1"}],"replies":[{"embeddable":true,"href":"https:\/\/aeamesp.org.br\/site2025\/wp-json\/wp\/v2\/comments?post=1816"}],"version-history":[{"count":0,"href":"https:\/\/aeamesp.org.br\/site2025\/wp-json\/wp\/v2\/posts\/1816\/revisions"}],"wp:attachment":[{"href":"https:\/\/aeamesp.org.br\/site2025\/wp-json\/wp\/v2\/media?parent=1816"}],"wp:term":[{"taxonomy":"category","embeddable":true,"href":"https:\/\/aeamesp.org.br\/site2025\/wp-json\/wp\/v2\/categories?post=1816"},{"taxonomy":"post_tag","embeddable":true,"href":"https:\/\/aeamesp.org.br\/site2025\/wp-json\/wp\/v2\/tags?post=1816"}],"curies":[{"name":"wp","href":"https:\/\/api.w.org\/{rel}","templated":true}]}}