{"id":1818,"date":"2013-12-13T21:12:13","date_gmt":"1899-12-30T00:00:00","guid":{"rendered":"https:\/\/aeamesp.org.br\/site2025\/bim-aplicado-ao-metro-porque-o-metro-esta-investindo-neste-novo-processo\/"},"modified":"2013-12-13T21:12:13","modified_gmt":"1899-12-30T00:00:00","slug":"bim-aplicado-ao-metro-porque-o-metro-esta-investindo-neste-novo-processo","status":"publish","type":"post","link":"https:\/\/aeamesp.org.br\/site2025\/bim-aplicado-ao-metro-porque-o-metro-esta-investindo-neste-novo-processo\/","title":{"rendered":"BIM aplicado ao Metr\u00f4: porque o metr\u00f4 est\u00e1 investindo neste novo processo."},"content":{"rendered":"<p style=\"text-align: justify;\"><strong>Autoria: Ivo Mainardi; Daniel Mozarte Saccomano &#8211; Metr\u00f4\/SP<\/strong><\/p>\n<hr \/>\n<p style=\"text-align: justify;\"><strong>\u00a0 \u00a0Aplicar o BIM (Building Information Modeling \/ Modelagem de informa\u00e7\u00f5es da Constru\u00e7\u00e3o) em todos os processos do Metr\u00f4. O Processo de projetar em BIM visa uma colabora\u00e7\u00e3o entre todas as \u00e1reas para o bem do projeto, facilitando a verifica\u00e7\u00e3o de interfer\u00eancias, agilizando as decis\u00f5es, extraindo informa\u00e7\u00f5es e quantitativos do modelo e o uso na manuten\u00e7\u00e3o e opera\u00e7\u00e3o p\u00f3s-obra.<\/strong><br \/>\n<strong>\u00a0 \u00a0Ser\u00e1 apresentado o projeto piloto de um po\u00e7o de emerg\u00eancia com as disciplinas ali representadas, demonstrando seus ganhos, benef\u00edcios e pretens\u00f5es do Metr\u00f4 com este novo processo.<\/strong><\/p>\n<hr \/>\n<p><a href=\"http:\/\/www.aeamesp.org.br\/biblioteca\/stm\/19smtf130913T43rl.pdf\" target=\"_blank\">http:\/\/www.aeamesp.org.br\/biblioteca\/stm\/19smtf130913T43rl.pdf<\/a><br \/>\n<a href=\"http:\/\/www.aeamesp.org.br\/biblioteca\/stm\/19smtf130913T43ap.pdf\" target=\"_blank\">http:\/\/www.aeamesp.org.br\/biblioteca\/stm\/19smtf130913T43ap.pdf<\/a><\/p>\n","protected":false},"excerpt":{"rendered":"<p>Autoria: Ivo Mainardi; Daniel Mozarte Saccomano &#8211; Metr\u00f4\/SP \u00a0 \u00a0Aplicar&hellip;<\/p>\n<p> <a class=\"more-link\" href=\"https:\/\/aeamesp.org.br\/site2025\/bim-aplicado-ao-metro-porque-o-metro-esta-investindo-neste-novo-processo\/\">Leia mais<\/a><\/p>\n","protected":false},"author":1,"featured_media":0,"comment_status":"open","ping_status":"open","sticky":false,"template":"","format":"standard","meta":{"pagelayer_contact_templates":[],"_pagelayer_content":"","_kadence_starter_templates_imported_post":false,"footnotes":""},"categories":[39],"tags":[],"class_list":{"0":"post-1818","1":"post","2":"type-post","3":"status-publish","4":"format-standard","6":"category-19a-semana-de-tecnologia-metroferroviaria"},"_links":{"self":[{"href":"https:\/\/aeamesp.org.br\/site2025\/wp-json\/wp\/v2\/posts\/1818","targetHints":{"allow":["GET"]}}],"collection":[{"href":"https:\/\/aeamesp.org.br\/site2025\/wp-json\/wp\/v2\/posts"}],"about":[{"href":"https:\/\/aeamesp.org.br\/site2025\/wp-json\/wp\/v2\/types\/post"}],"author":[{"embeddable":true,"href":"https:\/\/aeamesp.org.br\/site2025\/wp-json\/wp\/v2\/users\/1"}],"replies":[{"embeddable":true,"href":"https:\/\/aeamesp.org.br\/site2025\/wp-json\/wp\/v2\/comments?post=1818"}],"version-history":[{"count":0,"href":"https:\/\/aeamesp.org.br\/site2025\/wp-json\/wp\/v2\/posts\/1818\/revisions"}],"wp:attachment":[{"href":"https:\/\/aeamesp.org.br\/site2025\/wp-json\/wp\/v2\/media?parent=1818"}],"wp:term":[{"taxonomy":"category","embeddable":true,"href":"https:\/\/aeamesp.org.br\/site2025\/wp-json\/wp\/v2\/categories?post=1818"},{"taxonomy":"post_tag","embeddable":true,"href":"https:\/\/aeamesp.org.br\/site2025\/wp-json\/wp\/v2\/tags?post=1818"}],"curies":[{"name":"wp","href":"https:\/\/api.w.org\/{rel}","templated":true}]}}