{"id":1828,"date":"2013-12-13T21:12:13","date_gmt":"1899-12-30T00:00:00","guid":{"rendered":"https:\/\/aeamesp.org.br\/site2025\/painel-04-impactos-e-beneficios-do-transporte-de-cargas-sobre-trilhos-para-a-melhoria-da-mobilidade-urbana\/"},"modified":"2013-12-13T21:12:13","modified_gmt":"1899-12-30T00:00:00","slug":"painel-04-impactos-e-beneficios-do-transporte-de-cargas-sobre-trilhos-para-a-melhoria-da-mobilidade-urbana","status":"publish","type":"post","link":"https:\/\/aeamesp.org.br\/site2025\/painel-04-impactos-e-beneficios-do-transporte-de-cargas-sobre-trilhos-para-a-melhoria-da-mobilidade-urbana\/","title":{"rendered":"Painel 04: Impactos e Benef\u00edcios do Transporte de Cargas sobre Trilhos para a Melhoria da Mobilidade Urbana"},"content":{"rendered":"<p style=\"text-align: justify;\"><strong>Autoria: Christian Marra &#8211; Transport &#8211; Consultoria &amp; Projetos<\/strong><\/p>\n<hr \/>\n<p style=\"text-align: justify;\"><strong>A migra\u00e7\u00e3o do transporte de carga para os trilhos;<\/strong><br \/>\n<strong> A import\u00e2ncia da cria\u00e7\u00e3o de centros log\u00edsticos;<\/strong><br \/>\n<strong> A implanta\u00e7\u00e3o de an\u00e9is ferrovi\u00e1rios e linhas segregadas;<\/strong><br \/>\n<strong> Os benef\u00edcios do aumento do uso da ferrovia para as cidades.<\/strong><\/p>\n<hr \/>\n<p><a href=\"http:\/\/www.aeamesp.org.br\/biblioteca\/stm\/19smtf130911pl04t03.pdf\" target=\"_blank\">http:\/\/www.aeamesp.org.br\/biblioteca\/stm\/19smtf130911pl04t03.pdf<\/a><\/p>\n","protected":false},"excerpt":{"rendered":"<p>Autoria: Christian Marra &#8211; Transport &#8211; Consultoria &amp; Projetos A&hellip;<\/p>\n<p> <a class=\"more-link\" href=\"https:\/\/aeamesp.org.br\/site2025\/painel-04-impactos-e-beneficios-do-transporte-de-cargas-sobre-trilhos-para-a-melhoria-da-mobilidade-urbana\/\">Leia mais<\/a><\/p>\n","protected":false},"author":1,"featured_media":0,"comment_status":"open","ping_status":"open","sticky":false,"template":"","format":"standard","meta":{"pagelayer_contact_templates":[],"_pagelayer_content":"","_kadence_starter_templates_imported_post":false,"footnotes":""},"categories":[39],"tags":[],"class_list":{"0":"post-1828","1":"post","2":"type-post","3":"status-publish","4":"format-standard","6":"category-19a-semana-de-tecnologia-metroferroviaria"},"_links":{"self":[{"href":"https:\/\/aeamesp.org.br\/site2025\/wp-json\/wp\/v2\/posts\/1828","targetHints":{"allow":["GET"]}}],"collection":[{"href":"https:\/\/aeamesp.org.br\/site2025\/wp-json\/wp\/v2\/posts"}],"about":[{"href":"https:\/\/aeamesp.org.br\/site2025\/wp-json\/wp\/v2\/types\/post"}],"author":[{"embeddable":true,"href":"https:\/\/aeamesp.org.br\/site2025\/wp-json\/wp\/v2\/users\/1"}],"replies":[{"embeddable":true,"href":"https:\/\/aeamesp.org.br\/site2025\/wp-json\/wp\/v2\/comments?post=1828"}],"version-history":[{"count":0,"href":"https:\/\/aeamesp.org.br\/site2025\/wp-json\/wp\/v2\/posts\/1828\/revisions"}],"wp:attachment":[{"href":"https:\/\/aeamesp.org.br\/site2025\/wp-json\/wp\/v2\/media?parent=1828"}],"wp:term":[{"taxonomy":"category","embeddable":true,"href":"https:\/\/aeamesp.org.br\/site2025\/wp-json\/wp\/v2\/categories?post=1828"},{"taxonomy":"post_tag","embeddable":true,"href":"https:\/\/aeamesp.org.br\/site2025\/wp-json\/wp\/v2\/tags?post=1828"}],"curies":[{"name":"wp","href":"https:\/\/api.w.org\/{rel}","templated":true}]}}