{"id":1906,"date":"2014-12-13T21:12:13","date_gmt":"1899-12-30T00:00:00","guid":{"rendered":"https:\/\/aeamesp.org.br\/site2025\/painel-1-gerenciamento-da-demanda-no-transporte-2\/"},"modified":"2014-12-13T21:12:13","modified_gmt":"1899-12-30T00:00:00","slug":"painel-1-gerenciamento-da-demanda-no-transporte-2","status":"publish","type":"post","link":"https:\/\/aeamesp.org.br\/site2025\/painel-1-gerenciamento-da-demanda-no-transporte-2\/","title":{"rendered":"Painel 1 &#8211; Gerenciamento da Demanda no Transporte"},"content":{"rendered":"<p><strong>Autoria: Andr\u00e9a Leal &#8211; Banco Mundial<\/strong><\/p>\n<hr \/>\n<p style=\"text-align: justify;\"><strong>\u00a0 \u00a0Apresentar alternativas de baixo investimento para reduzir a concentra\u00e7\u00e3o de demanda pendular em hor\u00e1rios de pico, melhorar o conforto e a qualidade geral dos servi\u00e7os mediante medidas de gerenciamento da demanda, conhecidas mundialmente pela sigla TDM &#8211; Transit DemandManagement.<\/strong><\/p>\n<p style=\"text-align: justify;\"><strong>\u00a0 \u00a0Debater sobre a efetividade de solu\u00e7\u00f5es compartilhadas com empresas e autoridades p\u00fablicas para obter resultados r\u00e1pidos, ainda que sem alcance a longo prazo, para aliviar a crise de mobilidade e otimizar os investimentos em mobilidade.<\/strong><\/p>\n<p style=\"text-align: justify;\"><strong>\u00a0 \u00a0Mostrar a experi\u00eancia em curso na regi\u00e3o da Marginal Pinheiros em S\u00e3o Paulo, fruto da a\u00e7\u00e3o do Banco Mundial e WRI com o apoio da iniciativa privada.<\/strong><\/p>\n<hr \/>\n<p><a href=\"http:\/\/www.aeamesp.org.br\/biblioteca\/stm\/20smtf1410Pn01ap01.pdf\" target=\"_blank\">http:\/\/www.aeamesp.org.br\/biblioteca\/stm\/20smtf1410Pn01ap01.pdf<\/a><\/p>\n","protected":false},"excerpt":{"rendered":"<p>Autoria: Andr\u00e9a Leal &#8211; Banco Mundial \u00a0 \u00a0Apresentar alternativas de&hellip;<\/p>\n<p> <a class=\"more-link\" href=\"https:\/\/aeamesp.org.br\/site2025\/painel-1-gerenciamento-da-demanda-no-transporte-2\/\">Leia mais<\/a><\/p>\n","protected":false},"author":1,"featured_media":0,"comment_status":"open","ping_status":"open","sticky":false,"template":"","format":"standard","meta":{"pagelayer_contact_templates":[],"_pagelayer_content":"","_kadence_starter_templates_imported_post":false,"footnotes":""},"categories":[40],"tags":[],"class_list":{"0":"post-1906","1":"post","2":"type-post","3":"status-publish","4":"format-standard","6":"category-20a-semana-de-tecnologia-metroferroviaria"},"_links":{"self":[{"href":"https:\/\/aeamesp.org.br\/site2025\/wp-json\/wp\/v2\/posts\/1906","targetHints":{"allow":["GET"]}}],"collection":[{"href":"https:\/\/aeamesp.org.br\/site2025\/wp-json\/wp\/v2\/posts"}],"about":[{"href":"https:\/\/aeamesp.org.br\/site2025\/wp-json\/wp\/v2\/types\/post"}],"author":[{"embeddable":true,"href":"https:\/\/aeamesp.org.br\/site2025\/wp-json\/wp\/v2\/users\/1"}],"replies":[{"embeddable":true,"href":"https:\/\/aeamesp.org.br\/site2025\/wp-json\/wp\/v2\/comments?post=1906"}],"version-history":[{"count":0,"href":"https:\/\/aeamesp.org.br\/site2025\/wp-json\/wp\/v2\/posts\/1906\/revisions"}],"wp:attachment":[{"href":"https:\/\/aeamesp.org.br\/site2025\/wp-json\/wp\/v2\/media?parent=1906"}],"wp:term":[{"taxonomy":"category","embeddable":true,"href":"https:\/\/aeamesp.org.br\/site2025\/wp-json\/wp\/v2\/categories?post=1906"},{"taxonomy":"post_tag","embeddable":true,"href":"https:\/\/aeamesp.org.br\/site2025\/wp-json\/wp\/v2\/tags?post=1906"}],"curies":[{"name":"wp","href":"https:\/\/api.w.org\/{rel}","templated":true}]}}