{"id":1917,"date":"2014-12-13T21:12:13","date_gmt":"1899-12-30T00:00:00","guid":{"rendered":"https:\/\/aeamesp.org.br\/site2025\/painel-4-capacitacao-profissional-para-prover-mobilidade-estamos-preparados\/"},"modified":"2014-12-13T21:12:13","modified_gmt":"1899-12-30T00:00:00","slug":"painel-4-capacitacao-profissional-para-prover-mobilidade-estamos-preparados","status":"publish","type":"post","link":"https:\/\/aeamesp.org.br\/site2025\/painel-4-capacitacao-profissional-para-prover-mobilidade-estamos-preparados\/","title":{"rendered":"Painel 4 &#8211; Capacita\u00e7\u00e3o Profissional para Prover Mobilidade: Estamos Preparados?"},"content":{"rendered":"<p><strong>Autoria: Joel Meierfeldt &#8211; DB International GmbH<\/strong><\/p>\n<hr \/>\n<p style=\"text-align: justify;\"><strong>\u00a0 \u00a0A expans\u00e3o dos sistemas metroferrovi\u00e1rios demanda profissionais para atuar no planejamento, projeto, implanta\u00e7\u00e3o, opera\u00e7\u00e3o e manuten\u00e7\u00e3o em um ambiente com poucos t\u00e9cnicos e especialistas.<\/strong><\/p>\n<p style=\"text-align: justify;\"><strong>\u00a0 \u00a0Apresentar os desafios da forma\u00e7\u00e3o de um quadro de profissionais capacitados para atender \u00e0s demandas do setor; reten\u00e7\u00e3o e transmiss\u00e3o do conhecimento; inova\u00e7\u00e3o e desenvolvimento.<\/strong><\/p>\n<hr \/>\n<p><a href=\"http:\/\/www.aeamesp.org.br\/biblioteca\/stm\/20smtf1410Pn04ap01.pdf\" target=\"_blank\">http:\/\/www.aeamesp.org.br\/biblioteca\/stm\/20smtf1410Pn04ap01.pdf<\/a><\/p>\n","protected":false},"excerpt":{"rendered":"<p>Autoria: Joel Meierfeldt &#8211; DB International GmbH \u00a0 \u00a0A expans\u00e3o&hellip;<\/p>\n<p> <a class=\"more-link\" href=\"https:\/\/aeamesp.org.br\/site2025\/painel-4-capacitacao-profissional-para-prover-mobilidade-estamos-preparados\/\">Leia mais<\/a><\/p>\n","protected":false},"author":1,"featured_media":0,"comment_status":"open","ping_status":"open","sticky":false,"template":"","format":"standard","meta":{"pagelayer_contact_templates":[],"_pagelayer_content":"","_kadence_starter_templates_imported_post":false,"footnotes":""},"categories":[40],"tags":[],"class_list":{"0":"post-1917","1":"post","2":"type-post","3":"status-publish","4":"format-standard","6":"category-20a-semana-de-tecnologia-metroferroviaria"},"_links":{"self":[{"href":"https:\/\/aeamesp.org.br\/site2025\/wp-json\/wp\/v2\/posts\/1917","targetHints":{"allow":["GET"]}}],"collection":[{"href":"https:\/\/aeamesp.org.br\/site2025\/wp-json\/wp\/v2\/posts"}],"about":[{"href":"https:\/\/aeamesp.org.br\/site2025\/wp-json\/wp\/v2\/types\/post"}],"author":[{"embeddable":true,"href":"https:\/\/aeamesp.org.br\/site2025\/wp-json\/wp\/v2\/users\/1"}],"replies":[{"embeddable":true,"href":"https:\/\/aeamesp.org.br\/site2025\/wp-json\/wp\/v2\/comments?post=1917"}],"version-history":[{"count":0,"href":"https:\/\/aeamesp.org.br\/site2025\/wp-json\/wp\/v2\/posts\/1917\/revisions"}],"wp:attachment":[{"href":"https:\/\/aeamesp.org.br\/site2025\/wp-json\/wp\/v2\/media?parent=1917"}],"wp:term":[{"taxonomy":"category","embeddable":true,"href":"https:\/\/aeamesp.org.br\/site2025\/wp-json\/wp\/v2\/categories?post=1917"},{"taxonomy":"post_tag","embeddable":true,"href":"https:\/\/aeamesp.org.br\/site2025\/wp-json\/wp\/v2\/tags?post=1917"}],"curies":[{"name":"wp","href":"https:\/\/api.w.org\/{rel}","templated":true}]}}