{"id":1922,"date":"2014-12-13T21:12:13","date_gmt":"1899-12-30T00:00:00","guid":{"rendered":"https:\/\/aeamesp.org.br\/site2025\/painel-6-trens-regionais-uma-necessidade-e-oportunidade-de-reorganizacao-territorial\/"},"modified":"2014-12-13T21:12:13","modified_gmt":"1899-12-30T00:00:00","slug":"painel-6-trens-regionais-uma-necessidade-e-oportunidade-de-reorganizacao-territorial","status":"publish","type":"post","link":"https:\/\/aeamesp.org.br\/site2025\/painel-6-trens-regionais-uma-necessidade-e-oportunidade-de-reorganizacao-territorial\/","title":{"rendered":"Painel 6 &#8211; Trens Regionais, uma Necessidade e Oportunidade de Reorganiza\u00e7\u00e3o Territorial"},"content":{"rendered":"<p><strong>Autoria: M\u00e1rio Manuel Seabra Rodrigues Bandeira &#8211; CPTM<\/strong><\/p>\n<hr \/>\n<p style=\"text-align: justify;\"><strong>\u00a0 \u00a0No espa\u00e7o em que se configura a macrometr\u00f3polepaulista concentra-se expressiva parte da popula\u00e7\u00e3o e do PIB do estado, o que implica reconhecer o transporte sobre trilhos como sistema estruturador essencial ao desenvolvimento econ\u00f4mico e social dessa ampla regi\u00e3o.<\/strong><\/p>\n<p style=\"text-align: justify;\"><strong>\u00a0 \u00a0Este painel evidenciar\u00e1 a urg\u00eancia na concretiza\u00e7\u00e3o dessa infraestrutura e apresentar\u00e1 projetos de trens regionais em S\u00e3o Paulo, analisando benef\u00edcios diretos e indiretos vinculados \u00e0 viabiliza\u00e7\u00e3o de projetos dessa natureza, vetores da reordena\u00e7\u00e3o do uso e ocupa\u00e7\u00e3o do territ\u00f3rio, gerando oportunidades para o mercado imobili\u00e1rio e qualificando a evolu\u00e7\u00e3o sustent\u00e1vel das metr\u00f3poles brasileiras.<\/strong><\/p>\n<hr \/>\n<p><a href=\"http:\/\/www.aeamesp.org.br\/biblioteca\/stm\/20smtf1411Pn06ap01.pdf\" target=\"_blank\">http:\/\/www.aeamesp.org.br\/biblioteca\/stm\/20smtf1411Pn06ap01.pdf<\/a><\/p>\n","protected":false},"excerpt":{"rendered":"<p>Autoria: M\u00e1rio Manuel Seabra Rodrigues Bandeira &#8211; CPTM \u00a0 \u00a0No&hellip;<\/p>\n<p> <a class=\"more-link\" href=\"https:\/\/aeamesp.org.br\/site2025\/painel-6-trens-regionais-uma-necessidade-e-oportunidade-de-reorganizacao-territorial\/\">Leia mais<\/a><\/p>\n","protected":false},"author":1,"featured_media":0,"comment_status":"open","ping_status":"open","sticky":false,"template":"","format":"standard","meta":{"pagelayer_contact_templates":[],"_pagelayer_content":"","_kadence_starter_templates_imported_post":false,"footnotes":""},"categories":[40],"tags":[],"class_list":{"0":"post-1922","1":"post","2":"type-post","3":"status-publish","4":"format-standard","6":"category-20a-semana-de-tecnologia-metroferroviaria"},"_links":{"self":[{"href":"https:\/\/aeamesp.org.br\/site2025\/wp-json\/wp\/v2\/posts\/1922","targetHints":{"allow":["GET"]}}],"collection":[{"href":"https:\/\/aeamesp.org.br\/site2025\/wp-json\/wp\/v2\/posts"}],"about":[{"href":"https:\/\/aeamesp.org.br\/site2025\/wp-json\/wp\/v2\/types\/post"}],"author":[{"embeddable":true,"href":"https:\/\/aeamesp.org.br\/site2025\/wp-json\/wp\/v2\/users\/1"}],"replies":[{"embeddable":true,"href":"https:\/\/aeamesp.org.br\/site2025\/wp-json\/wp\/v2\/comments?post=1922"}],"version-history":[{"count":0,"href":"https:\/\/aeamesp.org.br\/site2025\/wp-json\/wp\/v2\/posts\/1922\/revisions"}],"wp:attachment":[{"href":"https:\/\/aeamesp.org.br\/site2025\/wp-json\/wp\/v2\/media?parent=1922"}],"wp:term":[{"taxonomy":"category","embeddable":true,"href":"https:\/\/aeamesp.org.br\/site2025\/wp-json\/wp\/v2\/categories?post=1922"},{"taxonomy":"post_tag","embeddable":true,"href":"https:\/\/aeamesp.org.br\/site2025\/wp-json\/wp\/v2\/tags?post=1922"}],"curies":[{"name":"wp","href":"https:\/\/api.w.org\/{rel}","templated":true}]}}