{"id":1926,"date":"2014-12-13T21:12:13","date_gmt":"1899-12-30T00:00:00","guid":{"rendered":"https:\/\/aeamesp.org.br\/site2025\/painel-7-integracao-e-racionalizacao-para-eficiencia-e-melhoria-do-transporte-publico\/"},"modified":"2014-12-13T21:12:13","modified_gmt":"1899-12-30T00:00:00","slug":"painel-7-integracao-e-racionalizacao-para-eficiencia-e-melhoria-do-transporte-publico","status":"publish","type":"post","link":"https:\/\/aeamesp.org.br\/site2025\/painel-7-integracao-e-racionalizacao-para-eficiencia-e-melhoria-do-transporte-publico\/","title":{"rendered":"Painel 7 &#8211; Integra\u00e7\u00e3o e Racionaliza\u00e7\u00e3o para Efici\u00eancia e Melhoria do Transporte P\u00fablico"},"content":{"rendered":"<p><strong>Autoria: Alberto Epifani &#8211; Metr\u00f4 SP<\/strong><\/p>\n<hr \/>\n<p style=\"text-align: justify;\"><strong>\u00a0 \u00a0A integra\u00e7\u00e3o e racionaliza\u00e7\u00e3o dos sistemas s\u00e3os fundamentais para a redu\u00e7\u00e3o de custos e aumento da efici\u00eancia do transporte p\u00fablico. Este painel debater\u00e1 os benef\u00edcios da racionaliza\u00e7\u00e3o dos sistemas e os impactos das pol\u00edticas de integra\u00e7\u00e3o multimodal e tarif\u00e1ria, do congelamento de tarifas e da remunera\u00e7\u00e3o dos operadores privados, nas finan\u00e7as p\u00fablicas e nos riscos para os operadores.<\/strong><\/p>\n<hr \/>\n<p><a href=\"http:\/\/www.aeamesp.org.br\/biblioteca\/stm\/20smtf1411Pn07ap01.pdf\" target=\"_blank\">http:\/\/www.aeamesp.org.br\/biblioteca\/stm\/20smtf1411Pn07ap01.pdf<\/a><\/p>\n","protected":false},"excerpt":{"rendered":"<p>Autoria: Alberto Epifani &#8211; Metr\u00f4 SP \u00a0 \u00a0A integra\u00e7\u00e3o e&hellip;<\/p>\n<p> <a class=\"more-link\" href=\"https:\/\/aeamesp.org.br\/site2025\/painel-7-integracao-e-racionalizacao-para-eficiencia-e-melhoria-do-transporte-publico\/\">Leia mais<\/a><\/p>\n","protected":false},"author":1,"featured_media":0,"comment_status":"open","ping_status":"open","sticky":false,"template":"","format":"standard","meta":{"pagelayer_contact_templates":[],"_pagelayer_content":"","_kadence_starter_templates_imported_post":false,"footnotes":""},"categories":[40],"tags":[],"class_list":{"0":"post-1926","1":"post","2":"type-post","3":"status-publish","4":"format-standard","6":"category-20a-semana-de-tecnologia-metroferroviaria"},"_links":{"self":[{"href":"https:\/\/aeamesp.org.br\/site2025\/wp-json\/wp\/v2\/posts\/1926","targetHints":{"allow":["GET"]}}],"collection":[{"href":"https:\/\/aeamesp.org.br\/site2025\/wp-json\/wp\/v2\/posts"}],"about":[{"href":"https:\/\/aeamesp.org.br\/site2025\/wp-json\/wp\/v2\/types\/post"}],"author":[{"embeddable":true,"href":"https:\/\/aeamesp.org.br\/site2025\/wp-json\/wp\/v2\/users\/1"}],"replies":[{"embeddable":true,"href":"https:\/\/aeamesp.org.br\/site2025\/wp-json\/wp\/v2\/comments?post=1926"}],"version-history":[{"count":0,"href":"https:\/\/aeamesp.org.br\/site2025\/wp-json\/wp\/v2\/posts\/1926\/revisions"}],"wp:attachment":[{"href":"https:\/\/aeamesp.org.br\/site2025\/wp-json\/wp\/v2\/media?parent=1926"}],"wp:term":[{"taxonomy":"category","embeddable":true,"href":"https:\/\/aeamesp.org.br\/site2025\/wp-json\/wp\/v2\/categories?post=1926"},{"taxonomy":"post_tag","embeddable":true,"href":"https:\/\/aeamesp.org.br\/site2025\/wp-json\/wp\/v2\/tags?post=1926"}],"curies":[{"name":"wp","href":"https:\/\/api.w.org\/{rel}","templated":true}]}}