{"id":1929,"date":"2014-12-13T21:12:13","date_gmt":"1899-12-30T00:00:00","guid":{"rendered":"https:\/\/aeamesp.org.br\/site2025\/painel-8-monotrilho-e-vlt-contribuindo-para-a-mobilidade-urbana-no-brasil\/"},"modified":"2014-12-13T21:12:13","modified_gmt":"1899-12-30T00:00:00","slug":"painel-8-monotrilho-e-vlt-contribuindo-para-a-mobilidade-urbana-no-brasil","status":"publish","type":"post","link":"https:\/\/aeamesp.org.br\/site2025\/painel-8-monotrilho-e-vlt-contribuindo-para-a-mobilidade-urbana-no-brasil\/","title":{"rendered":"Painel 8 &#8211; Monotrilho e VLT contribuindo para a mobilidade urbana no Brasil"},"content":{"rendered":"<p><strong>Autoria: Augusto Schei &#8211; Cons\u00f3rcio VLT Carioca<\/strong><\/p>\n<hr \/>\n<p style=\"text-align: justify;\"><strong>\u00a0 \u00a0Fazer um balan\u00e7o dos empreendimentos em implanta\u00e7\u00f5es e projetados no Brasil e como estes novos modais ir\u00e3o contribuir na mobilidade urbana.<\/strong><\/p>\n<p style=\"text-align: justify;\"><strong>\u00a0 \u00a0Apresentar o que o Metr\u00f4 de SP est\u00e1 fazendo para garantir um n\u00edvel de opera\u00e7\u00e3o e manuten\u00e7\u00e3o equivalente ao das suas linhas em opera\u00e7\u00e3o no Monotrilho da Linha 15 &#8211; Prata. No \u00e2mbito dos sistemas de VLT, apresentar o sistema em implanta\u00e7\u00e3o pela EMTU-SP.<\/strong><\/p>\n<hr \/>\n<p><a href=\"http:\/\/www.aeamesp.org.br\/biblioteca\/stm\/20smtf1411Pn08ap03.pdf\" target=\"_blank\">http:\/\/www.aeamesp.org.br\/biblioteca\/stm\/20smtf1411Pn08ap03.pdf<\/a><\/p>\n","protected":false},"excerpt":{"rendered":"<p>Autoria: Augusto Schei &#8211; Cons\u00f3rcio VLT Carioca \u00a0 \u00a0Fazer um&hellip;<\/p>\n<p> <a class=\"more-link\" href=\"https:\/\/aeamesp.org.br\/site2025\/painel-8-monotrilho-e-vlt-contribuindo-para-a-mobilidade-urbana-no-brasil\/\">Leia mais<\/a><\/p>\n","protected":false},"author":1,"featured_media":0,"comment_status":"open","ping_status":"open","sticky":false,"template":"","format":"standard","meta":{"pagelayer_contact_templates":[],"_pagelayer_content":"","_kadence_starter_templates_imported_post":false,"footnotes":""},"categories":[40],"tags":[],"class_list":{"0":"post-1929","1":"post","2":"type-post","3":"status-publish","4":"format-standard","6":"category-20a-semana-de-tecnologia-metroferroviaria"},"_links":{"self":[{"href":"https:\/\/aeamesp.org.br\/site2025\/wp-json\/wp\/v2\/posts\/1929","targetHints":{"allow":["GET"]}}],"collection":[{"href":"https:\/\/aeamesp.org.br\/site2025\/wp-json\/wp\/v2\/posts"}],"about":[{"href":"https:\/\/aeamesp.org.br\/site2025\/wp-json\/wp\/v2\/types\/post"}],"author":[{"embeddable":true,"href":"https:\/\/aeamesp.org.br\/site2025\/wp-json\/wp\/v2\/users\/1"}],"replies":[{"embeddable":true,"href":"https:\/\/aeamesp.org.br\/site2025\/wp-json\/wp\/v2\/comments?post=1929"}],"version-history":[{"count":0,"href":"https:\/\/aeamesp.org.br\/site2025\/wp-json\/wp\/v2\/posts\/1929\/revisions"}],"wp:attachment":[{"href":"https:\/\/aeamesp.org.br\/site2025\/wp-json\/wp\/v2\/media?parent=1929"}],"wp:term":[{"taxonomy":"category","embeddable":true,"href":"https:\/\/aeamesp.org.br\/site2025\/wp-json\/wp\/v2\/categories?post=1929"},{"taxonomy":"post_tag","embeddable":true,"href":"https:\/\/aeamesp.org.br\/site2025\/wp-json\/wp\/v2\/tags?post=1929"}],"curies":[{"name":"wp","href":"https:\/\/api.w.org\/{rel}","templated":true}]}}