{"id":1931,"date":"2014-12-13T21:12:13","date_gmt":"1899-12-30T00:00:00","guid":{"rendered":"https:\/\/aeamesp.org.br\/site2025\/painel-9-geracao-propria-e-eficiencia-energetica-nos-sistemas-metroferroviarios-4\/"},"modified":"2014-12-13T21:12:13","modified_gmt":"1899-12-30T00:00:00","slug":"painel-9-geracao-propria-e-eficiencia-energetica-nos-sistemas-metroferroviarios-4","status":"publish","type":"post","link":"https:\/\/aeamesp.org.br\/site2025\/painel-9-geracao-propria-e-eficiencia-energetica-nos-sistemas-metroferroviarios-4\/","title":{"rendered":"Painel 9 &#8211; Gera\u00e7\u00e3o pr\u00f3pria e efici\u00eancia energ\u00e9tica nos sistemas metroferrovi\u00e1rios"},"content":{"rendered":"<p style=\"text-align: justify;\"><strong>Autoria: Milton Fl\u00e1vio Marques Lautenschlager &#8211; Secretaria de Energia do Estado de S\u00e3o Paulo<\/strong><\/p>\n<hr \/>\n<p style=\"text-align: justify;\"><strong>\u00a0 \u00a0As quest\u00f5es relacionadas \u00e0 gera\u00e7\u00e3o de energia tem adquirido import\u00e2ncia crescente em todo o mundo, em decorr\u00eancia de impactos sobre as mudan\u00e7as clim\u00e1ticas e expectativas de aumento de custos. Iniciativas governamentais, como o Plano Paulista de Energia, por exemplo, buscam ampliar a oferta, com utiliza\u00e7\u00e3o de novas fontes geradoras, e estimular o uso racional e eficiente.<\/strong><\/p>\n<p style=\"text-align: justify;\"><strong>\u00a0 \u00a0Neste cen\u00e1rio, muitos sistemas metroferrovi\u00e1rios, que tem a aquisi\u00e7\u00e3o de energia como um dos componentes mais relevantes de seu custo operacional e como a principal fonte de emiss\u00e3o de gases de efeito estufa, passam a considerar as alternativas de gera\u00e7\u00e3o pr\u00f3pria e de melhoria de efici\u00eancia como elementos fundamentais de suas estrat\u00e9gias.<\/strong><\/p>\n<p style=\"text-align: justify;\"><strong>\u00a0 \u00a0O objetivo do painel \u00e9 apresentar perspectivas futuras da gera\u00e7\u00e3o no estado e no pa\u00eds, possibilidades de gera\u00e7\u00e3o pr\u00f3pria nos sistemas metroferrovi\u00e1rios e solu\u00e7\u00f5es tecnol\u00f3gicas para melhoria da efici\u00eancia energ\u00e9tica.<\/strong><\/p>\n<hr \/>\n<p><a href=\"http:\/\/www.aeamesp.org.br\/biblioteca\/stm\/20smtf1412Pn09ap00.pdf\" target=\"_blank\">http:\/\/www.aeamesp.org.br\/biblioteca\/stm\/20smtf1412Pn09ap00.pdf<\/a><\/p>\n","protected":false},"excerpt":{"rendered":"<p>Autoria: Milton Fl\u00e1vio Marques Lautenschlager &#8211; Secretaria de Energia do&hellip;<\/p>\n<p> <a class=\"more-link\" href=\"https:\/\/aeamesp.org.br\/site2025\/painel-9-geracao-propria-e-eficiencia-energetica-nos-sistemas-metroferroviarios-4\/\">Leia mais<\/a><\/p>\n","protected":false},"author":1,"featured_media":0,"comment_status":"open","ping_status":"open","sticky":false,"template":"","format":"standard","meta":{"pagelayer_contact_templates":[],"_pagelayer_content":"","_kadence_starter_templates_imported_post":false,"footnotes":""},"categories":[40],"tags":[],"class_list":{"0":"post-1931","1":"post","2":"type-post","3":"status-publish","4":"format-standard","6":"category-20a-semana-de-tecnologia-metroferroviaria"},"_links":{"self":[{"href":"https:\/\/aeamesp.org.br\/site2025\/wp-json\/wp\/v2\/posts\/1931","targetHints":{"allow":["GET"]}}],"collection":[{"href":"https:\/\/aeamesp.org.br\/site2025\/wp-json\/wp\/v2\/posts"}],"about":[{"href":"https:\/\/aeamesp.org.br\/site2025\/wp-json\/wp\/v2\/types\/post"}],"author":[{"embeddable":true,"href":"https:\/\/aeamesp.org.br\/site2025\/wp-json\/wp\/v2\/users\/1"}],"replies":[{"embeddable":true,"href":"https:\/\/aeamesp.org.br\/site2025\/wp-json\/wp\/v2\/comments?post=1931"}],"version-history":[{"count":0,"href":"https:\/\/aeamesp.org.br\/site2025\/wp-json\/wp\/v2\/posts\/1931\/revisions"}],"wp:attachment":[{"href":"https:\/\/aeamesp.org.br\/site2025\/wp-json\/wp\/v2\/media?parent=1931"}],"wp:term":[{"taxonomy":"category","embeddable":true,"href":"https:\/\/aeamesp.org.br\/site2025\/wp-json\/wp\/v2\/categories?post=1931"},{"taxonomy":"post_tag","embeddable":true,"href":"https:\/\/aeamesp.org.br\/site2025\/wp-json\/wp\/v2\/tags?post=1931"}],"curies":[{"name":"wp","href":"https:\/\/api.w.org\/{rel}","templated":true}]}}