{"id":1941,"date":"2014-12-13T21:12:13","date_gmt":"1899-12-30T00:00:00","guid":{"rendered":"https:\/\/aeamesp.org.br\/site2025\/palestra-cenario-macroeconomico-do-pais-e-o-setor-metroferroviario\/"},"modified":"2014-12-13T21:12:13","modified_gmt":"1899-12-30T00:00:00","slug":"palestra-cenario-macroeconomico-do-pais-e-o-setor-metroferroviario","status":"publish","type":"post","link":"https:\/\/aeamesp.org.br\/site2025\/palestra-cenario-macroeconomico-do-pais-e-o-setor-metroferroviario\/","title":{"rendered":"Palestra: Cen\u00e1rio macroecon\u00f4mico do pa\u00eds e o setor metroferrovi\u00e1rio"},"content":{"rendered":"<p><strong>Autoria: Amir Khair &#8211; Economista<\/strong><\/p>\n<hr \/>\n<p style=\"text-align: justify;\"><strong>\u00a0 \u00a0Ponderando que este ano de 2014, no qual ser\u00e3o realizadas elei\u00e7\u00f5es para o executivo federal, representa um per\u00edodo em que s\u00e3o definidas as estrat\u00e9gias de governo para os pr\u00f3ximos anos, ganha destaque a import\u00e2ncia da discuss\u00e3o da realidade macroecon\u00f4mica brasileira e de seus reflexos no setor metroferrovi\u00e1rio (e no setor de mobilidade como um todo), cabendo ressaltar as contribui\u00e7\u00f5es que a implanta\u00e7\u00e3o de uma extensa malha de transporte p\u00fablico de qualidade poder\u00e1 aportar ao desenvolvimento nacional.<\/strong><\/p>\n<hr \/>\n<p><a href=\"http:\/\/www.aeamesp.org.br\/biblioteca\/stm\/20smtf1409PA01ap.pdf\" target=\"_blank\">http:\/\/www.aeamesp.org.br\/biblioteca\/stm\/20smtf1409PA01ap.pdf<\/a><\/p>\n","protected":false},"excerpt":{"rendered":"<p>Autoria: Amir Khair &#8211; Economista \u00a0 \u00a0Ponderando que este ano&hellip;<\/p>\n<p> <a class=\"more-link\" href=\"https:\/\/aeamesp.org.br\/site2025\/palestra-cenario-macroeconomico-do-pais-e-o-setor-metroferroviario\/\">Leia mais<\/a><\/p>\n","protected":false},"author":1,"featured_media":0,"comment_status":"open","ping_status":"open","sticky":false,"template":"","format":"standard","meta":{"pagelayer_contact_templates":[],"_pagelayer_content":"","_kadence_starter_templates_imported_post":false,"footnotes":""},"categories":[40],"tags":[],"class_list":{"0":"post-1941","1":"post","2":"type-post","3":"status-publish","4":"format-standard","6":"category-20a-semana-de-tecnologia-metroferroviaria"},"_links":{"self":[{"href":"https:\/\/aeamesp.org.br\/site2025\/wp-json\/wp\/v2\/posts\/1941","targetHints":{"allow":["GET"]}}],"collection":[{"href":"https:\/\/aeamesp.org.br\/site2025\/wp-json\/wp\/v2\/posts"}],"about":[{"href":"https:\/\/aeamesp.org.br\/site2025\/wp-json\/wp\/v2\/types\/post"}],"author":[{"embeddable":true,"href":"https:\/\/aeamesp.org.br\/site2025\/wp-json\/wp\/v2\/users\/1"}],"replies":[{"embeddable":true,"href":"https:\/\/aeamesp.org.br\/site2025\/wp-json\/wp\/v2\/comments?post=1941"}],"version-history":[{"count":0,"href":"https:\/\/aeamesp.org.br\/site2025\/wp-json\/wp\/v2\/posts\/1941\/revisions"}],"wp:attachment":[{"href":"https:\/\/aeamesp.org.br\/site2025\/wp-json\/wp\/v2\/media?parent=1941"}],"wp:term":[{"taxonomy":"category","embeddable":true,"href":"https:\/\/aeamesp.org.br\/site2025\/wp-json\/wp\/v2\/categories?post=1941"},{"taxonomy":"post_tag","embeddable":true,"href":"https:\/\/aeamesp.org.br\/site2025\/wp-json\/wp\/v2\/tags?post=1941"}],"curies":[{"name":"wp","href":"https:\/\/api.w.org\/{rel}","templated":true}]}}