{"id":1950,"date":"2015-12-13T21:12:13","date_gmt":"1899-12-30T00:00:00","guid":{"rendered":"https:\/\/aeamesp.org.br\/site2025\/desempenho-das-frenagens-dos-trens-do-metro-de-sao-paulo-na-condicao-de-baixa-aderencia\/"},"modified":"2015-12-13T21:12:13","modified_gmt":"1899-12-30T00:00:00","slug":"desempenho-das-frenagens-dos-trens-do-metro-de-sao-paulo-na-condicao-de-baixa-aderencia","status":"publish","type":"post","link":"https:\/\/aeamesp.org.br\/site2025\/desempenho-das-frenagens-dos-trens-do-metro-de-sao-paulo-na-condicao-de-baixa-aderencia\/","title":{"rendered":"Desempenho das frenagens dos trens do Metr\u00f4 de S\u00e3o Paulo na condi\u00e7\u00e3o de baixa ader\u00eancia"},"content":{"rendered":"<p style=\"text-align: justify;\"><strong>Autoria: Carlos Alberto de F. Tim\u00f3teo, Gabriel Franzotti C. de Souza, Hissam Eldin Moussa, Jo\u00e3o Carlos Torraque da Costa, Marco Ant\u00f4nio Raia, Marco Pontieri Augusto, Marcos T\u00e1cito, Maur\u00edcio Romera Alves &#8211; Metr\u00f4\/SP<\/strong><\/p>\n<hr \/>\n<p><a href=\"http:\/\/www.aeamesp.org.br\/biblioteca\/stm\/21smI18rl.pdf\" target=\"_blank\">http:\/\/www.aeamesp.org.br\/biblioteca\/stm\/21smI18rl.pdf<\/a><\/p>\n<p><a href=\"http:\/\/www.aeamesp.org.br\/biblioteca\/stm\/21smI18ap.pdf\" target=\"_blank\">http:\/\/www.aeamesp.org.br\/biblioteca\/stm\/21smI18ap.pdf<\/a><\/p>\n","protected":false},"excerpt":{"rendered":"<p>Autoria: Carlos Alberto de F. Tim\u00f3teo, Gabriel Franzotti C. de&hellip;<\/p>\n<p> <a class=\"more-link\" href=\"https:\/\/aeamesp.org.br\/site2025\/desempenho-das-frenagens-dos-trens-do-metro-de-sao-paulo-na-condicao-de-baixa-aderencia\/\">Leia mais<\/a><\/p>\n","protected":false},"author":1,"featured_media":0,"comment_status":"open","ping_status":"open","sticky":false,"template":"","format":"standard","meta":{"pagelayer_contact_templates":[],"_pagelayer_content":"","_kadence_starter_templates_imported_post":false,"footnotes":""},"categories":[41],"tags":[134],"class_list":{"0":"post-1950","1":"post","2":"type-post","3":"status-publish","4":"format-standard","6":"category-21a-semana-de-tecnologia-metroferroviaria","7":"tag-trabalhos-tecnicos"},"_links":{"self":[{"href":"https:\/\/aeamesp.org.br\/site2025\/wp-json\/wp\/v2\/posts\/1950","targetHints":{"allow":["GET"]}}],"collection":[{"href":"https:\/\/aeamesp.org.br\/site2025\/wp-json\/wp\/v2\/posts"}],"about":[{"href":"https:\/\/aeamesp.org.br\/site2025\/wp-json\/wp\/v2\/types\/post"}],"author":[{"embeddable":true,"href":"https:\/\/aeamesp.org.br\/site2025\/wp-json\/wp\/v2\/users\/1"}],"replies":[{"embeddable":true,"href":"https:\/\/aeamesp.org.br\/site2025\/wp-json\/wp\/v2\/comments?post=1950"}],"version-history":[{"count":0,"href":"https:\/\/aeamesp.org.br\/site2025\/wp-json\/wp\/v2\/posts\/1950\/revisions"}],"wp:attachment":[{"href":"https:\/\/aeamesp.org.br\/site2025\/wp-json\/wp\/v2\/media?parent=1950"}],"wp:term":[{"taxonomy":"category","embeddable":true,"href":"https:\/\/aeamesp.org.br\/site2025\/wp-json\/wp\/v2\/categories?post=1950"},{"taxonomy":"post_tag","embeddable":true,"href":"https:\/\/aeamesp.org.br\/site2025\/wp-json\/wp\/v2\/tags?post=1950"}],"curies":[{"name":"wp","href":"https:\/\/api.w.org\/{rel}","templated":true}]}}