{"id":1971,"date":"2015-12-13T21:12:13","date_gmt":"1899-12-30T00:00:00","guid":{"rendered":"https:\/\/aeamesp.org.br\/site2025\/importancia-da-participacao-do-governo-federal-no-financiamento-do-transporte-de-passageiros-urbanos-sobre-trilhos\/"},"modified":"2015-12-13T21:12:13","modified_gmt":"1899-12-30T00:00:00","slug":"importancia-da-participacao-do-governo-federal-no-financiamento-do-transporte-de-passageiros-urbanos-sobre-trilhos","status":"publish","type":"post","link":"https:\/\/aeamesp.org.br\/site2025\/importancia-da-participacao-do-governo-federal-no-financiamento-do-transporte-de-passageiros-urbanos-sobre-trilhos\/","title":{"rendered":"Import\u00e2ncia da participa\u00e7\u00e3o do governo federal no financiamento do transporte de passageiros urbanos sobre trilhos"},"content":{"rendered":"<p style=\"text-align: justify;\"><strong>Autoria: Fernando de Senna Bittencourt, Giselle Duque Xavier &#8211; CBTU<\/strong><\/p>\n<hr \/>\n<p><a href=\"http:\/\/www.aeamesp.org.br\/biblioteca\/stm\/21smI22rl.pdf\" target=\"_blank\">http:\/\/www.aeamesp.org.br\/biblioteca\/stm\/21smI22rl.pdf<\/a><\/p>\n<p><a href=\"http:\/\/www.aeamesp.org.br\/biblioteca\/stm\/21smI22ap.pdf\" target=\"_blank\">http:\/\/www.aeamesp.org.br\/biblioteca\/stm\/21smI22ap.pdf<\/a><\/p>\n","protected":false},"excerpt":{"rendered":"<p>Autoria: Fernando de Senna Bittencourt, Giselle Duque Xavier &#8211; CBTU&hellip;<\/p>\n<p> <a class=\"more-link\" href=\"https:\/\/aeamesp.org.br\/site2025\/importancia-da-participacao-do-governo-federal-no-financiamento-do-transporte-de-passageiros-urbanos-sobre-trilhos\/\">Leia mais<\/a><\/p>\n","protected":false},"author":1,"featured_media":0,"comment_status":"open","ping_status":"open","sticky":false,"template":"","format":"standard","meta":{"pagelayer_contact_templates":[],"_pagelayer_content":"","_kadence_starter_templates_imported_post":false,"footnotes":""},"categories":[41],"tags":[134],"class_list":{"0":"post-1971","1":"post","2":"type-post","3":"status-publish","4":"format-standard","6":"category-21a-semana-de-tecnologia-metroferroviaria","7":"tag-trabalhos-tecnicos"},"_links":{"self":[{"href":"https:\/\/aeamesp.org.br\/site2025\/wp-json\/wp\/v2\/posts\/1971","targetHints":{"allow":["GET"]}}],"collection":[{"href":"https:\/\/aeamesp.org.br\/site2025\/wp-json\/wp\/v2\/posts"}],"about":[{"href":"https:\/\/aeamesp.org.br\/site2025\/wp-json\/wp\/v2\/types\/post"}],"author":[{"embeddable":true,"href":"https:\/\/aeamesp.org.br\/site2025\/wp-json\/wp\/v2\/users\/1"}],"replies":[{"embeddable":true,"href":"https:\/\/aeamesp.org.br\/site2025\/wp-json\/wp\/v2\/comments?post=1971"}],"version-history":[{"count":0,"href":"https:\/\/aeamesp.org.br\/site2025\/wp-json\/wp\/v2\/posts\/1971\/revisions"}],"wp:attachment":[{"href":"https:\/\/aeamesp.org.br\/site2025\/wp-json\/wp\/v2\/media?parent=1971"}],"wp:term":[{"taxonomy":"category","embeddable":true,"href":"https:\/\/aeamesp.org.br\/site2025\/wp-json\/wp\/v2\/categories?post=1971"},{"taxonomy":"post_tag","embeddable":true,"href":"https:\/\/aeamesp.org.br\/site2025\/wp-json\/wp\/v2\/tags?post=1971"}],"curies":[{"name":"wp","href":"https:\/\/api.w.org\/{rel}","templated":true}]}}