{"id":1983,"date":"2015-12-13T21:12:13","date_gmt":"1899-12-30T00:00:00","guid":{"rendered":"https:\/\/aeamesp.org.br\/site2025\/reaprendendo-a-relacao-entre-transporte-e-uso-do-solo-a-importancia-da-expansao-dos-transportes-integrada-ao-desenvolvimento-planejado-das-cidades\/"},"modified":"2015-12-13T21:12:13","modified_gmt":"1899-12-30T00:00:00","slug":"reaprendendo-a-relacao-entre-transporte-e-uso-do-solo-a-importancia-da-expansao-dos-transportes-integrada-ao-desenvolvimento-planejado-das-cidades","status":"publish","type":"post","link":"https:\/\/aeamesp.org.br\/site2025\/reaprendendo-a-relacao-entre-transporte-e-uso-do-solo-a-importancia-da-expansao-dos-transportes-integrada-ao-desenvolvimento-planejado-das-cidades\/","title":{"rendered":"Reaprendendo a rela\u00e7\u00e3o entre transporte e uso do solo &#8211; a import\u00e2ncia da expans\u00e3o dos transportes integrada ao desenvolvimento planejado das cidades"},"content":{"rendered":"<p><strong>Autoria: Leonardo Cleber Lisboa dos Santos &#8211; Metr\u00f4\/SP<\/strong><\/p>\n<hr \/>\n<p><a href=\"http:\/\/www.aeamesp.org.br\/biblioteca\/stm\/21smI37rl.pdf\" target=\"_blank\">http:\/\/www.aeamesp.org.br\/biblioteca\/stm\/21smI37rl.pdf<\/a><\/p>\n<p><a href=\"http:\/\/www.aeamesp.org.br\/biblioteca\/stm\/21smI37ap.pdf\" target=\"_blank\">http:\/\/www.aeamesp.org.br\/biblioteca\/stm\/21smI37ap.pdf<\/a><\/p>\n","protected":false},"excerpt":{"rendered":"<p>Autoria: Leonardo Cleber Lisboa dos Santos &#8211; Metr\u00f4\/SP http:\/\/www.aeamesp.org.br\/biblioteca\/stm\/21smI37rl.pdf http:\/\/www.aeamesp.org.br\/biblioteca\/stm\/21smI37ap.pdf<\/p>\n","protected":false},"author":1,"featured_media":0,"comment_status":"open","ping_status":"open","sticky":false,"template":"","format":"standard","meta":{"pagelayer_contact_templates":[],"_pagelayer_content":"","_kadence_starter_templates_imported_post":false,"footnotes":""},"categories":[41],"tags":[134],"class_list":{"0":"post-1983","1":"post","2":"type-post","3":"status-publish","4":"format-standard","6":"category-21a-semana-de-tecnologia-metroferroviaria","7":"tag-trabalhos-tecnicos"},"_links":{"self":[{"href":"https:\/\/aeamesp.org.br\/site2025\/wp-json\/wp\/v2\/posts\/1983","targetHints":{"allow":["GET"]}}],"collection":[{"href":"https:\/\/aeamesp.org.br\/site2025\/wp-json\/wp\/v2\/posts"}],"about":[{"href":"https:\/\/aeamesp.org.br\/site2025\/wp-json\/wp\/v2\/types\/post"}],"author":[{"embeddable":true,"href":"https:\/\/aeamesp.org.br\/site2025\/wp-json\/wp\/v2\/users\/1"}],"replies":[{"embeddable":true,"href":"https:\/\/aeamesp.org.br\/site2025\/wp-json\/wp\/v2\/comments?post=1983"}],"version-history":[{"count":0,"href":"https:\/\/aeamesp.org.br\/site2025\/wp-json\/wp\/v2\/posts\/1983\/revisions"}],"wp:attachment":[{"href":"https:\/\/aeamesp.org.br\/site2025\/wp-json\/wp\/v2\/media?parent=1983"}],"wp:term":[{"taxonomy":"category","embeddable":true,"href":"https:\/\/aeamesp.org.br\/site2025\/wp-json\/wp\/v2\/categories?post=1983"},{"taxonomy":"post_tag","embeddable":true,"href":"https:\/\/aeamesp.org.br\/site2025\/wp-json\/wp\/v2\/tags?post=1983"}],"curies":[{"name":"wp","href":"https:\/\/api.w.org\/{rel}","templated":true}]}}