{"id":1986,"date":"2015-12-13T21:12:13","date_gmt":"1899-12-30T00:00:00","guid":{"rendered":"https:\/\/aeamesp.org.br\/site2025\/a-importancia-da-microacessibilidade-nas-estacoes-metroferroviarias-na-mobilidade-urbana-o-caso-da-estacao-de-trem-santo-amaro-na-cidade-de-sao-paulo\/"},"modified":"2015-12-13T21:12:13","modified_gmt":"1899-12-30T00:00:00","slug":"a-importancia-da-microacessibilidade-nas-estacoes-metroferroviarias-na-mobilidade-urbana-o-caso-da-estacao-de-trem-santo-amaro-na-cidade-de-sao-paulo","status":"publish","type":"post","link":"https:\/\/aeamesp.org.br\/site2025\/a-importancia-da-microacessibilidade-nas-estacoes-metroferroviarias-na-mobilidade-urbana-o-caso-da-estacao-de-trem-santo-amaro-na-cidade-de-sao-paulo\/","title":{"rendered":"A import\u00e2ncia da microacessibilidade nas esta\u00e7\u00f5es metroferrovi\u00e1rias na mobilidade urbana: o caso da esta\u00e7\u00e3o de trem Santo Amaro na cidade de S\u00e3o Paulo"},"content":{"rendered":"<p style=\"text-align: justify;\"><strong>Autoria: Yara Cristina Labronici Baiardi &#8211; FMU-FIAMFAAM<\/strong><\/p>\n<hr \/>\n<p><a href=\"http:\/\/www.aeamesp.org.br\/biblioteca\/stm\/21smI36rl.pdf\" target=\"_blank\">http:\/\/www.aeamesp.org.br\/biblioteca\/stm\/21smI36rl.pdf<\/a><\/p>\n<p><a href=\"http:\/\/www.aeamesp.org.br\/biblioteca\/stm\/21smI36ap.pdf\" target=\"_blank\">http:\/\/www.aeamesp.org.br\/biblioteca\/stm\/21smI36ap.pdf<\/a><\/p>\n","protected":false},"excerpt":{"rendered":"<p>Autoria: Yara Cristina Labronici Baiardi &#8211; FMU-FIAMFAAM http:\/\/www.aeamesp.org.br\/biblioteca\/stm\/21smI36rl.pdf http:\/\/www.aeamesp.org.br\/biblioteca\/stm\/21smI36ap.pdf<\/p>\n","protected":false},"author":1,"featured_media":0,"comment_status":"open","ping_status":"open","sticky":false,"template":"","format":"standard","meta":{"pagelayer_contact_templates":[],"_pagelayer_content":"","_kadence_starter_templates_imported_post":false,"footnotes":""},"categories":[41],"tags":[134],"class_list":{"0":"post-1986","1":"post","2":"type-post","3":"status-publish","4":"format-standard","6":"category-21a-semana-de-tecnologia-metroferroviaria","7":"tag-trabalhos-tecnicos"},"_links":{"self":[{"href":"https:\/\/aeamesp.org.br\/site2025\/wp-json\/wp\/v2\/posts\/1986","targetHints":{"allow":["GET"]}}],"collection":[{"href":"https:\/\/aeamesp.org.br\/site2025\/wp-json\/wp\/v2\/posts"}],"about":[{"href":"https:\/\/aeamesp.org.br\/site2025\/wp-json\/wp\/v2\/types\/post"}],"author":[{"embeddable":true,"href":"https:\/\/aeamesp.org.br\/site2025\/wp-json\/wp\/v2\/users\/1"}],"replies":[{"embeddable":true,"href":"https:\/\/aeamesp.org.br\/site2025\/wp-json\/wp\/v2\/comments?post=1986"}],"version-history":[{"count":0,"href":"https:\/\/aeamesp.org.br\/site2025\/wp-json\/wp\/v2\/posts\/1986\/revisions"}],"wp:attachment":[{"href":"https:\/\/aeamesp.org.br\/site2025\/wp-json\/wp\/v2\/media?parent=1986"}],"wp:term":[{"taxonomy":"category","embeddable":true,"href":"https:\/\/aeamesp.org.br\/site2025\/wp-json\/wp\/v2\/categories?post=1986"},{"taxonomy":"post_tag","embeddable":true,"href":"https:\/\/aeamesp.org.br\/site2025\/wp-json\/wp\/v2\/tags?post=1986"}],"curies":[{"name":"wp","href":"https:\/\/api.w.org\/{rel}","templated":true}]}}