{"id":2018,"date":"2015-09-09T09:00:13","date_gmt":"2015-09-09T09:00:13","guid":{"rendered":"https:\/\/aeamesp.org.br\/site2025\/painel-1-a-importancia-da-intermodalidade-para-a-mobilidade\/"},"modified":"2015-09-09T09:00:13","modified_gmt":"2015-09-09T09:00:13","slug":"painel-1-a-importancia-da-intermodalidade-para-a-mobilidade","status":"publish","type":"post","link":"https:\/\/aeamesp.org.br\/site2025\/painel-1-a-importancia-da-intermodalidade-para-a-mobilidade\/","title":{"rendered":"Painel 1 &#8211; A import\u00e2ncia da intermodalidade para a mobilidade"},"content":{"rendered":"<div class=\"modal-header\">\n<h4 id=\"programa-5-label\" class=\"modal-title\">Sala 2, dia 9\/ 9 &#8211; 9:00 hrs &#8211; Painel 01<\/h4>\n<\/div>\n<div class=\"modal-body\">\n<div class=\"row\">\n<div class=\"col-md-6\">\n<h3>A import\u00e2ncia da intermodalidade para a mobilidade<\/h3>\n<\/div>\n<\/div>\n<\/div>\n<hr \/>\n<p style=\"text-align: justify;\">O Painel em quest\u00e3o visa discutir a necessidade de promover condi\u00e7\u00f5es para a conforma\u00e7\u00e3o de uma rede de transporte que crie uma sinergia entre os servi\u00e7os de transporte p\u00fablico urbano de passageiros, integrando as redes metroferrovi\u00e1rias ao transporte de m\u00e9dia e baixa capacidade e promovendo a racionaliza\u00e7\u00e3o e integra\u00e7\u00e3o do transporte individual com o coletivo.<\/p>\n<p style=\"text-align: justify;\">Ser\u00e1 discutido tamb\u00e9m, como considerar no planejamento das cidades o melhor uso dos v\u00e1rios modos de transporte coletivo urbano.<\/p>\n<hr \/>\n<h3><\/h3>\n<div id='gallery-1' class='gallery galleryid-2018 gallery-columns-4 gallery-size-medium'><figure class='gallery-item'>\n\t\t\t<div class='gallery-icon landscape'>\n\t\t\t\t<img fetchpriority=\"high\" decoding=\"async\" width=\"300\" height=\"185\" src=\"https:\/\/aeamesp.org.br\/site2025\/wp-content\/uploads\/2016\/04\/Palestrante-P1-300x185.jpg\" class=\"attachment-medium size-medium\" alt=\"\" srcset=\"https:\/\/aeamesp.org.br\/site2025\/wp-content\/uploads\/2016\/04\/Palestrante-P1-300x185.jpg 300w, https:\/\/aeamesp.org.br\/site2025\/wp-content\/uploads\/2016\/04\/Palestrante-P1.jpg 750w\" sizes=\"(max-width: 300px) 100vw, 300px\" \/>\n\t\t\t<\/div><\/figure><figure class='gallery-item'>\n\t\t\t<div class='gallery-icon landscape'>\n\t\t\t\t<img decoding=\"async\" width=\"300\" height=\"185\" src=\"https:\/\/aeamesp.org.br\/site2025\/wp-content\/uploads\/2016\/04\/Palestrante-P1-2-300x185.jpg\" class=\"attachment-medium size-medium\" alt=\"\" srcset=\"https:\/\/aeamesp.org.br\/site2025\/wp-content\/uploads\/2016\/04\/Palestrante-P1-2-300x185.jpg 300w, https:\/\/aeamesp.org.br\/site2025\/wp-content\/uploads\/2016\/04\/Palestrante-P1-2.jpg 750w\" sizes=\"(max-width: 300px) 100vw, 300px\" \/>\n\t\t\t<\/div><\/figure><figure class='gallery-item'>\n\t\t\t<div class='gallery-icon landscape'>\n\t\t\t\t<img decoding=\"async\" width=\"300\" height=\"185\" src=\"https:\/\/aeamesp.org.br\/site2025\/wp-content\/uploads\/2016\/04\/Palestrante-P1-3-300x185.jpg\" class=\"attachment-medium size-medium\" alt=\"\" srcset=\"https:\/\/aeamesp.org.br\/site2025\/wp-content\/uploads\/2016\/04\/Palestrante-P1-3-300x185.jpg 300w, https:\/\/aeamesp.org.br\/site2025\/wp-content\/uploads\/2016\/04\/Palestrante-P1-3.jpg 750w\" sizes=\"(max-width: 300px) 100vw, 300px\" \/>\n\t\t\t<\/div><\/figure><figure class='gallery-item'>\n\t\t\t<div class='gallery-icon landscape'>\n\t\t\t\t<img loading=\"lazy\" decoding=\"async\" width=\"300\" height=\"185\" src=\"https:\/\/aeamesp.org.br\/site2025\/wp-content\/uploads\/2016\/04\/Questionador-P1-300x185.jpg\" class=\"attachment-medium size-medium\" alt=\"\" srcset=\"https:\/\/aeamesp.org.br\/site2025\/wp-content\/uploads\/2016\/04\/Questionador-P1-300x185.jpg 300w, https:\/\/aeamesp.org.br\/site2025\/wp-content\/uploads\/2016\/04\/Questionador-P1.jpg 750w\" sizes=\"(max-width: 300px) 100vw, 300px\" \/>\n\t\t\t<\/div><\/figure><figure class='gallery-item'>\n\t\t\t<div class='gallery-icon landscape'>\n\t\t\t\t<img loading=\"lazy\" decoding=\"async\" width=\"300\" height=\"185\" src=\"https:\/\/aeamesp.org.br\/site2025\/wp-content\/uploads\/2016\/04\/Palestantes-todos-300x185.jpg\" class=\"attachment-medium size-medium\" alt=\"\" srcset=\"https:\/\/aeamesp.org.br\/site2025\/wp-content\/uploads\/2016\/04\/Palestantes-todos-300x185.jpg 300w, https:\/\/aeamesp.org.br\/site2025\/wp-content\/uploads\/2016\/04\/Palestantes-todos.jpg 750w\" sizes=\"(max-width: 300px) 100vw, 300px\" \/>\n\t\t\t<\/div><\/figure>\n\t\t<\/div>\n\n<p>&nbsp;<\/p>\n<p>&nbsp;<\/p>\n<p><strong>\u00a0Coordenador<\/strong><\/p>\n<div class=\"row\">\n<div class=\"col-md-3\"><img decoding=\"async\" class=\"foto alignnone\" src=\"http:\/\/www.aeamesp.org.br\/21\/images\/sessoes\/21smP01A1.jpg\" alt=\"\" \/>\u00a0\u00a0<strong>Silvestre E. Rocha Ribeiro &#8211;\u00a0<\/strong>Diretor de Planejamento da CPTM<\/div>\n<\/div>\n<div class=\"row\">\n<div class=\"col-md-9\">\n<hr \/>\n<\/div>\n<\/div>\n<p>&nbsp;<\/p>\n<p><strong>Palestrantes<\/strong><\/p>\n<div class=\"row\">\n<div class=\"col-sm-3\"><img decoding=\"async\" class=\"ftCentro alignnone\" src=\"http:\/\/www.aeamesp.org.br\/21\/images\/sessoes\/21smP01A2.jpg\" alt=\"\" \/>\u00a0\u00a0<strong>Dario Lopes &#8211;\u00a0<\/strong>Secret\u00e1rio Nacional de Transporte e da Mobilidade Urbana do Minist\u00e9rio das Cidade<\/div>\n<div class=\"col-sm-9\">\n<hr \/>\n<\/div>\n<\/div>\n<div class=\"col-sm-9\">\u00a0<img decoding=\"async\" class=\"ftCentro alignnone\" src=\"http:\/\/www.aeamesp.org.br\/21\/images\/sessoes\/21smP01A3.jpg\" alt=\"\" \/>\u00a0\u00a0<strong>Antonio Maria Claret &#8211;\u00a0<\/strong>Consultor da AEAMESP<\/div>\n<div class=\"row\">\n<div class=\"col-sm-9 alt70px\">\n<hr \/>\n<p class=\"mt10px\">\u00a0<img decoding=\"async\" class=\"ftCentro alignnone\" src=\"http:\/\/www.aeamesp.org.br\/21\/images\/sessoes\/21smP01A4.jpg\" alt=\"\" \/>\u00a0\u00a0<strong>Fernando Nunes da Silva &#8211;\u00a0<\/strong>Consultor e ex-secret\u00e1rio de Transportes de Lisboa, Portugal<\/p>\n<\/div>\n<\/div>\n<div class=\"col-sm-9\">\n<hr \/>\n<\/div>\n<p>&nbsp;<\/p>\n<p><strong>Apresenta\u00e7\u00f5es disponibilizadas pelos palestrantes:<\/strong><\/p>\n<p><a href=\"http:\/\/biblioteca.aeamesp.org.br\/smns\/21smIp01ap02.pdf\" target=\"_blank\">Os Modos de Transporte Urbano de Passageiros Antonio Maria Claret<\/a><\/p>\n<p><a href=\"http:\/\/biblioteca.aeamesp.org.br\/smns\/21smIp01ap02.pdf\" target=\"_blank\">Racionalizar o uso do Transporte Individual e sua Integra\u00e7\u00e3o com o Transporte Coletivo Fernando Nunes da Silva<\/a><\/p>\n","protected":false},"excerpt":{"rendered":"<p>Sala 2, dia 9\/ 9 &#8211; 9:00 hrs &#8211; Painel&hellip;<\/p>\n<p> <a class=\"more-link\" href=\"https:\/\/aeamesp.org.br\/site2025\/painel-1-a-importancia-da-intermodalidade-para-a-mobilidade\/\">Leia mais<\/a><\/p>\n","protected":false},"author":1,"featured_media":4505,"comment_status":"open","ping_status":"open","sticky":false,"template":"","format":"standard","meta":{"pagelayer_contact_templates":[],"_pagelayer_content":"","_kadence_starter_templates_imported_post":false,"footnotes":""},"categories":[41],"tags":[120],"class_list":{"0":"post-2018","1":"post","2":"type-post","3":"status-publish","4":"format-standard","5":"has-post-thumbnail","7":"category-21a-semana-de-tecnologia-metroferroviaria","8":"tag-painel"},"_links":{"self":[{"href":"https:\/\/aeamesp.org.br\/site2025\/wp-json\/wp\/v2\/posts\/2018","targetHints":{"allow":["GET"]}}],"collection":[{"href":"https:\/\/aeamesp.org.br\/site2025\/wp-json\/wp\/v2\/posts"}],"about":[{"href":"https:\/\/aeamesp.org.br\/site2025\/wp-json\/wp\/v2\/types\/post"}],"author":[{"embeddable":true,"href":"https:\/\/aeamesp.org.br\/site2025\/wp-json\/wp\/v2\/users\/1"}],"replies":[{"embeddable":true,"href":"https:\/\/aeamesp.org.br\/site2025\/wp-json\/wp\/v2\/comments?post=2018"}],"version-history":[{"count":0,"href":"https:\/\/aeamesp.org.br\/site2025\/wp-json\/wp\/v2\/posts\/2018\/revisions"}],"wp:featuredmedia":[{"embeddable":true,"href":"https:\/\/aeamesp.org.br\/site2025\/wp-json\/wp\/v2\/media\/4505"}],"wp:attachment":[{"href":"https:\/\/aeamesp.org.br\/site2025\/wp-json\/wp\/v2\/media?parent=2018"}],"wp:term":[{"taxonomy":"category","embeddable":true,"href":"https:\/\/aeamesp.org.br\/site2025\/wp-json\/wp\/v2\/categories?post=2018"},{"taxonomy":"post_tag","embeddable":true,"href":"https:\/\/aeamesp.org.br\/site2025\/wp-json\/wp\/v2\/tags?post=2018"}],"curies":[{"name":"wp","href":"https:\/\/api.w.org\/{rel}","templated":true}]}}