{"id":2024,"date":"2015-09-09T14:00:13","date_gmt":"2015-09-09T14:00:13","guid":{"rendered":"https:\/\/aeamesp.org.br\/site2025\/painel-3-o-avanco-metroferroviario-pelo-brasil\/"},"modified":"2015-09-09T14:00:13","modified_gmt":"2015-09-09T14:00:13","slug":"painel-3-o-avanco-metroferroviario-pelo-brasil","status":"publish","type":"post","link":"https:\/\/aeamesp.org.br\/site2025\/painel-3-o-avanco-metroferroviario-pelo-brasil\/","title":{"rendered":"Painel 3 &#8211; O avan\u00e7o metroferrovi\u00e1rio pelo Brasil"},"content":{"rendered":"<div class=\"modal-header\">\n<h4 id=\"programa-5-label\" class=\"modal-title\">Sala 2, dia 9\/ 9 &#8211; 14:00 hrs &#8211; Painel 3<\/h4>\n<\/div>\n<div class=\"modal-body\">\n<div class=\"row\">\n<div class=\"col-md-6\">\n<h3>O avan\u00e7o metroferrovi\u00e1rio pelo Brasil<\/h3>\n<\/div>\n<\/div>\n<\/div>\n<hr \/>\n<p style=\"text-align: justify;\">Ser\u00e3o discutidos os avan\u00e7os do setor metroferrovi\u00e1rio no Brasil, com apresenta\u00e7\u00f5es de empreendimentos em implanta\u00e7\u00e3o, tais como o Metr\u00f4 de Salvador, a Linha 4 do Metr\u00f4 do Rio, o VLT Carioca e a Linha 6 do Metr\u00f4 de S\u00e3o Paulo.<\/p>\n<hr \/>\n<div id='gallery-1' class='gallery galleryid-2024 gallery-columns-4 gallery-size-medium'><figure class='gallery-item'>\n\t\t\t<div class='gallery-icon landscape'>\n\t\t\t\t<a href='https:\/\/aeamesp.org.br\/site2025\/plateia-p3\/'><img fetchpriority=\"high\" decoding=\"async\" width=\"300\" height=\"185\" src=\"https:\/\/aeamesp.org.br\/site2025\/wp-content\/uploads\/2016\/04\/Plateia-P3-300x185.jpg\" class=\"attachment-medium size-medium\" alt=\"\" srcset=\"https:\/\/aeamesp.org.br\/site2025\/wp-content\/uploads\/2016\/04\/Plateia-P3-300x185.jpg 300w, https:\/\/aeamesp.org.br\/site2025\/wp-content\/uploads\/2016\/04\/Plateia-P3-768x473.jpg 768w, https:\/\/aeamesp.org.br\/site2025\/wp-content\/uploads\/2016\/04\/Plateia-P3.jpg 964w\" sizes=\"(max-width: 300px) 100vw, 300px\" \/><\/a>\n\t\t\t<\/div><\/figure><figure class='gallery-item'>\n\t\t\t<div class='gallery-icon landscape'>\n\t\t\t\t<a href='https:\/\/aeamesp.org.br\/site2025\/palestrantes-todos-p3\/'><img decoding=\"async\" width=\"300\" height=\"186\" src=\"https:\/\/aeamesp.org.br\/site2025\/wp-content\/uploads\/2016\/04\/Palestrantes-todos-P3-300x186.jpg\" class=\"attachment-medium size-medium\" alt=\"\" srcset=\"https:\/\/aeamesp.org.br\/site2025\/wp-content\/uploads\/2016\/04\/Palestrantes-todos-P3-300x186.jpg 300w, https:\/\/aeamesp.org.br\/site2025\/wp-content\/uploads\/2016\/04\/Palestrantes-todos-P3-768x475.jpg 768w, https:\/\/aeamesp.org.br\/site2025\/wp-content\/uploads\/2016\/04\/Palestrantes-todos-P3.jpg 960w\" sizes=\"(max-width: 300px) 100vw, 300px\" \/><\/a>\n\t\t\t<\/div><\/figure><figure class='gallery-item'>\n\t\t\t<div class='gallery-icon landscape'>\n\t\t\t\t<a href='https:\/\/aeamesp.org.br\/site2025\/palestrante-p3-3\/'><img decoding=\"async\" width=\"300\" height=\"185\" src=\"https:\/\/aeamesp.org.br\/site2025\/wp-content\/uploads\/2016\/04\/Palestrante-P3-3-300x185.jpg\" class=\"attachment-medium size-medium\" alt=\"\" srcset=\"https:\/\/aeamesp.org.br\/site2025\/wp-content\/uploads\/2016\/04\/Palestrante-P3-3-300x185.jpg 300w, https:\/\/aeamesp.org.br\/site2025\/wp-content\/uploads\/2016\/04\/Palestrante-P3-3-768x473.jpg 768w, https:\/\/aeamesp.org.br\/site2025\/wp-content\/uploads\/2016\/04\/Palestrante-P3-3.jpg 964w\" sizes=\"(max-width: 300px) 100vw, 300px\" \/><\/a>\n\t\t\t<\/div><\/figure><figure class='gallery-item'>\n\t\t\t<div class='gallery-icon landscape'>\n\t\t\t\t<a href='https:\/\/aeamesp.org.br\/site2025\/palestrante-p3-2\/'><img loading=\"lazy\" decoding=\"async\" width=\"300\" height=\"185\" src=\"https:\/\/aeamesp.org.br\/site2025\/wp-content\/uploads\/2016\/04\/Palestrante-P3-2-300x185.jpg\" class=\"attachment-medium size-medium\" alt=\"\" aria-describedby=\"gallery-1-4598\" srcset=\"https:\/\/aeamesp.org.br\/site2025\/wp-content\/uploads\/2016\/04\/Palestrante-P3-2-300x185.jpg 300w, https:\/\/aeamesp.org.br\/site2025\/wp-content\/uploads\/2016\/04\/Palestrante-P3-2-768x473.jpg 768w, https:\/\/aeamesp.org.br\/site2025\/wp-content\/uploads\/2016\/04\/Palestrante-P3-2.jpg 964w\" sizes=\"(max-width: 300px) 100vw, 300px\" \/><\/a>\n\t\t\t<\/div>\n\t\t\t\t<figcaption class='wp-caption-text gallery-caption' id='gallery-1-4598'>\n\t\t\t\tFoto: Arquivo AEAMESP.\nJoubert Flores, durante apresenta\u00e7\u00e3o na 21\u00aa Semana de Tecnologia Metroferrovi\u00e1ria &#8211; Painel 3 \u2013 O avan\u00e7o metroferrovi\u00e1rio pelo Brasil\n\t\t\t\t<\/figcaption><\/figure><figure class='gallery-item'>\n\t\t\t<div class='gallery-icon landscape'>\n\t\t\t\t<a href='https:\/\/aeamesp.org.br\/site2025\/palestrante-p3-1\/'><img loading=\"lazy\" decoding=\"async\" width=\"300\" height=\"185\" src=\"https:\/\/aeamesp.org.br\/site2025\/wp-content\/uploads\/2016\/04\/Palestrante-P3-1-300x185.jpg\" class=\"attachment-medium size-medium\" alt=\"\" srcset=\"https:\/\/aeamesp.org.br\/site2025\/wp-content\/uploads\/2016\/04\/Palestrante-P3-1-300x185.jpg 300w, https:\/\/aeamesp.org.br\/site2025\/wp-content\/uploads\/2016\/04\/Palestrante-P3-1-768x473.jpg 768w, https:\/\/aeamesp.org.br\/site2025\/wp-content\/uploads\/2016\/04\/Palestrante-P3-1.jpg 964w\" sizes=\"(max-width: 300px) 100vw, 300px\" \/><\/a>\n\t\t\t<\/div><\/figure>\n\t\t<\/div>\n\n<p><iframe title=\"VLT Carioca - Voca\u00e7\u00e3o para integrar modais\" width=\"800\" height=\"450\" src=\"https:\/\/www.youtube.com\/embed\/V1rZYqPNehw?feature=oembed\" frameborder=\"0\" allow=\"accelerometer; autoplay; clipboard-write; encrypted-media; gyroscope; picture-in-picture; web-share\" referrerpolicy=\"strict-origin-when-cross-origin\" allowfullscreen><\/iframe><\/p>\n<p><iframe title=\"Salvador sobre trilhos\" width=\"800\" height=\"450\" src=\"https:\/\/www.youtube.com\/embed\/Fw21hmiQsNM?feature=oembed\" frameborder=\"0\" allow=\"accelerometer; autoplay; clipboard-write; encrypted-media; gyroscope; picture-in-picture; web-share\" referrerpolicy=\"strict-origin-when-cross-origin\" allowfullscreen><\/iframe><\/p>\n<h3><\/h3>\n<p><strong>Coordenador<\/strong><\/p>\n<div class=\"separa10px\"><\/div>\n<div class=\"row\">\n<div class=\"col-md-3\"><img decoding=\"async\" class=\"foto alignnone\" src=\"http:\/\/www.aeamesp.org.br\/21\/images\/sessoes\/21smP03A1.jpg\" alt=\"\" \/>\u00a0\u00a0<strong>Conrado Grava de Souza &#8211;\u00a0<\/strong>Diretor de Planejamento da ANPTrilhos<\/div>\n<div class=\"col-md-3\"><\/div>\n<div class=\"col-md-3\">\n<hr \/>\n<\/div>\n<\/div>\n<div class=\"clearfix separa10px nflutua\"><\/div>\n<div class=\"clearfix separa10px nflutua\"><\/div>\n<p><strong>Palestrantes<\/strong><\/p>\n<div class=\"separa10px\"><\/div>\n<div class=\"row\">\n<div class=\"col-sm-3\"><img decoding=\"async\" class=\"ftCentro alignnone\" src=\"http:\/\/www.aeamesp.org.br\/21\/images\/sessoes\/21smP03A2.jpg\" alt=\"\" \/><strong>Augusto Leonardo Schein &#8211;\u00a0<\/strong>Diretor de Opera\u00e7\u00f5es da Concession\u00e1ria do VLT Carioca S\/A<\/div>\n<\/div>\n<div class=\"col-sm-3\">\n<hr \/>\n<\/div>\n<div class=\"col-sm-3\"><\/div>\n<div class=\"row\">\n<div class=\"col-sm-3\"><img decoding=\"async\" class=\"ftCentro alignnone\" src=\"http:\/\/www.aeamesp.org.br\/21\/images\/sessoes\/21smP03A3.jpg\" alt=\"\" \/><strong>Jos\u00e9 Eduardo Ribeiro Copello &#8211;\u00a0<\/strong>Presidente da Companhia de Transportes do Estado da Bahia<\/div>\n<\/div>\n<div class=\"col-sm-3\">\n<hr \/>\n<\/div>\n<div class=\"col-sm-3\"><\/div>\n<div class=\"row\">\n<div class=\"col-sm-3\"><img decoding=\"async\" class=\"ftCentro alignnone\" src=\"http:\/\/www.aeamesp.org.br\/21\/images\/sessoes\/21smP03A4.jpg\" alt=\"\" \/><strong>Joubert Flores Filho &#8211;\u00a0<\/strong>Diretor do MetroRio\/Invepar<\/div>\n<\/div>\n<div class=\"col-sm-3\">\n<hr \/>\n<\/div>\n<div class=\"col-sm-3\"><\/div>\n<div class=\"row\">\n<div class=\"col-sm-3\"><img decoding=\"async\" class=\"ftCentro alignnone\" src=\"http:\/\/www.aeamesp.org.br\/21\/images\/sessoes\/21smP03A5.jpg\" alt=\"\" \/><strong>Jaime Zamlung &#8211;\u00a0<\/strong>Gerente de Engenharia e Projetos da Move SP<\/div>\n<div class=\"col-sm-3\">\n<hr \/>\n<\/div>\n<\/div>\n<div class=\"col-sm-3\"><\/div>\n<p>&nbsp;<\/p>\n<p><strong>Conte\u00fado disponibilizado pelos palestrantes:<\/strong><\/p>\n<p><a href=\"http:\/\/biblioteca.aeamesp.org.br\/smns\/21smIp03ap01.pdf\" target=\"_blank\">Avan\u00e7os do VLT Carioca<\/a>\u00a0&#8211;\u00a0Augusto Leonardo Schein.<\/p>\n<p><a href=\"http:\/\/biblioteca.aeamesp.org.br\/smns\/21smIp03ap02.pdf\" target=\"_blank\">Mobilidade Bahia &#8211; Salvador e Regi\u00e3o Metropolitana<\/a>\u00a0&#8211;\u00a0\u00a0Jos\u00e9 Eduardo Ribeiro Copello.<\/p>\n<p><a href=\"http:\/\/biblioteca.aeamesp.org.br\/smns\/21smIp03ap03.pdf\" target=\"_blank\">METR\u00d4RIO<\/a>\u00a0&#8211;\u00a0Joubert Flores Filho.<\/p>\n<p><a href=\"http:\/\/biblioteca.aeamesp.org.br\/smns\/21smIp03ap04.pdf\" target=\"_blank\">Benef\u00edcios da Linha 6 &#8211; Laranja<\/a>\u00a0&#8211;\u00a0\u00a0Jaime Zamlung.<\/p>\n<p>&nbsp;<\/p>\n<p>&nbsp;<\/p>\n","protected":false},"excerpt":{"rendered":"<p>Sala 2, dia 9\/ 9 &#8211; 14:00 hrs &#8211; Painel&hellip;<\/p>\n<p> <a class=\"more-link\" href=\"https:\/\/aeamesp.org.br\/site2025\/painel-3-o-avanco-metroferroviario-pelo-brasil\/\">Leia mais<\/a><\/p>\n","protected":false},"author":1,"featured_media":4601,"comment_status":"open","ping_status":"open","sticky":false,"template":"","format":"standard","meta":{"pagelayer_contact_templates":[],"_pagelayer_content":"","_kadence_starter_templates_imported_post":false,"footnotes":""},"categories":[41],"tags":[120],"class_list":{"0":"post-2024","1":"post","2":"type-post","3":"status-publish","4":"format-standard","5":"has-post-thumbnail","7":"category-21a-semana-de-tecnologia-metroferroviaria","8":"tag-painel"},"_links":{"self":[{"href":"https:\/\/aeamesp.org.br\/site2025\/wp-json\/wp\/v2\/posts\/2024","targetHints":{"allow":["GET"]}}],"collection":[{"href":"https:\/\/aeamesp.org.br\/site2025\/wp-json\/wp\/v2\/posts"}],"about":[{"href":"https:\/\/aeamesp.org.br\/site2025\/wp-json\/wp\/v2\/types\/post"}],"author":[{"embeddable":true,"href":"https:\/\/aeamesp.org.br\/site2025\/wp-json\/wp\/v2\/users\/1"}],"replies":[{"embeddable":true,"href":"https:\/\/aeamesp.org.br\/site2025\/wp-json\/wp\/v2\/comments?post=2024"}],"version-history":[{"count":0,"href":"https:\/\/aeamesp.org.br\/site2025\/wp-json\/wp\/v2\/posts\/2024\/revisions"}],"wp:featuredmedia":[{"embeddable":true,"href":"https:\/\/aeamesp.org.br\/site2025\/wp-json\/wp\/v2\/media\/4601"}],"wp:attachment":[{"href":"https:\/\/aeamesp.org.br\/site2025\/wp-json\/wp\/v2\/media?parent=2024"}],"wp:term":[{"taxonomy":"category","embeddable":true,"href":"https:\/\/aeamesp.org.br\/site2025\/wp-json\/wp\/v2\/categories?post=2024"},{"taxonomy":"post_tag","embeddable":true,"href":"https:\/\/aeamesp.org.br\/site2025\/wp-json\/wp\/v2\/tags?post=2024"}],"curies":[{"name":"wp","href":"https:\/\/api.w.org\/{rel}","templated":true}]}}