{"id":2028,"date":"2015-09-09T15:40:13","date_gmt":"2015-09-09T15:40:13","guid":{"rendered":"https:\/\/aeamesp.org.br\/site2025\/painel-4-alamys-o-avanco-metroferroviario-na-america-latina\/"},"modified":"2015-09-09T15:40:13","modified_gmt":"2015-09-09T15:40:13","slug":"painel-4-alamys-o-avanco-metroferroviario-na-america-latina","status":"publish","type":"post","link":"https:\/\/aeamesp.org.br\/site2025\/painel-4-alamys-o-avanco-metroferroviario-na-america-latina\/","title":{"rendered":"Painel 4 &#8211; ALAMYS &#8211; O avan\u00e7o metroferrovi\u00e1rio na Am\u00e9rica Latina"},"content":{"rendered":"<div class=\"modal-header\">\n<h4 id=\"programa-5-label\" class=\"modal-title\">Audit\u00f3rio, dia 9\/ 9 &#8211; 15:40 hrs &#8211; Painel 4<\/h4>\n<\/div>\n<div class=\"modal-body\">\n<div class=\"row\">\n<div class=\"col-md-6\">\n<h3>Painel internacional da ALAMYS<br \/>\nO avan\u00e7o metroferrovi\u00e1rio na Am\u00e9rica Latina<\/h3>\n<\/div>\n<\/div>\n<\/div>\n<hr \/>\n<p style=\"text-align: justify;\"><strong>\u00a0<\/strong> \u00a0O Painel em quest\u00e3o tem como objetivo expor a situa\u00e7\u00e3o atual das redes metroferrovi\u00e1rias de outras cidades da Am\u00e9rica Latina, como Santiago do Chile, Buenos Aires e Panam\u00e1 e suas respectivas trajet\u00f3rias de desenvolvimento.<\/p>\n<hr \/>\n<div id='gallery-1' class='gallery galleryid-2028 gallery-columns-4 gallery-size-medium'><figure class='gallery-item'>\n\t\t\t<div class='gallery-icon landscape'>\n\t\t\t\t<a href='https:\/\/aeamesp.org.br\/site2025\/palestrantes-todos-p4\/'><img fetchpriority=\"high\" decoding=\"async\" width=\"300\" height=\"185\" src=\"https:\/\/aeamesp.org.br\/site2025\/wp-content\/uploads\/2016\/04\/Palestrantes-todos-P4-300x185.jpg\" class=\"attachment-medium size-medium\" alt=\"\" srcset=\"https:\/\/aeamesp.org.br\/site2025\/wp-content\/uploads\/2016\/04\/Palestrantes-todos-P4-300x185.jpg 300w, https:\/\/aeamesp.org.br\/site2025\/wp-content\/uploads\/2016\/04\/Palestrantes-todos-P4-768x473.jpg 768w, https:\/\/aeamesp.org.br\/site2025\/wp-content\/uploads\/2016\/04\/Palestrantes-todos-P4.jpg 964w\" sizes=\"(max-width: 300px) 100vw, 300px\" \/><\/a>\n\t\t\t<\/div><\/figure><figure class='gallery-item'>\n\t\t\t<div class='gallery-icon landscape'>\n\t\t\t\t<a href='https:\/\/aeamesp.org.br\/site2025\/palestrante-p4-2\/'><img decoding=\"async\" width=\"300\" height=\"185\" src=\"https:\/\/aeamesp.org.br\/site2025\/wp-content\/uploads\/2016\/04\/Palestrante-P4-2-300x185.jpg\" class=\"attachment-medium size-medium\" alt=\"\" srcset=\"https:\/\/aeamesp.org.br\/site2025\/wp-content\/uploads\/2016\/04\/Palestrante-P4-2-300x185.jpg 300w, https:\/\/aeamesp.org.br\/site2025\/wp-content\/uploads\/2016\/04\/Palestrante-P4-2-768x473.jpg 768w, https:\/\/aeamesp.org.br\/site2025\/wp-content\/uploads\/2016\/04\/Palestrante-P4-2.jpg 964w\" sizes=\"(max-width: 300px) 100vw, 300px\" \/><\/a>\n\t\t\t<\/div><\/figure><figure class='gallery-item'>\n\t\t\t<div class='gallery-icon landscape'>\n\t\t\t\t<a href='https:\/\/aeamesp.org.br\/site2025\/palestrante-p4-1\/'><img decoding=\"async\" width=\"300\" height=\"185\" src=\"https:\/\/aeamesp.org.br\/site2025\/wp-content\/uploads\/2016\/04\/Palestrante-P4-1-300x185.jpg\" class=\"attachment-medium size-medium\" alt=\"\" srcset=\"https:\/\/aeamesp.org.br\/site2025\/wp-content\/uploads\/2016\/04\/Palestrante-P4-1-300x185.jpg 300w, https:\/\/aeamesp.org.br\/site2025\/wp-content\/uploads\/2016\/04\/Palestrante-P4-1-768x473.jpg 768w, https:\/\/aeamesp.org.br\/site2025\/wp-content\/uploads\/2016\/04\/Palestrante-P4-1.jpg 964w\" sizes=\"(max-width: 300px) 100vw, 300px\" \/><\/a>\n\t\t\t<\/div><\/figure><figure class='gallery-item'>\n\t\t\t<div class='gallery-icon landscape'>\n\t\t\t\t<a href='https:\/\/aeamesp.org.br\/site2025\/palestrante-p4-3\/'><img loading=\"lazy\" decoding=\"async\" width=\"300\" height=\"185\" src=\"https:\/\/aeamesp.org.br\/site2025\/wp-content\/uploads\/2016\/04\/Palestrante-P4-3-300x185.jpg\" class=\"attachment-medium size-medium\" alt=\"\" srcset=\"https:\/\/aeamesp.org.br\/site2025\/wp-content\/uploads\/2016\/04\/Palestrante-P4-3-300x185.jpg 300w, https:\/\/aeamesp.org.br\/site2025\/wp-content\/uploads\/2016\/04\/Palestrante-P4-3-768x473.jpg 768w, https:\/\/aeamesp.org.br\/site2025\/wp-content\/uploads\/2016\/04\/Palestrante-P4-3.jpg 964w\" sizes=\"(max-width: 300px) 100vw, 300px\" \/><\/a>\n\t\t\t<\/div><\/figure><figure class='gallery-item'>\n\t\t\t<div class='gallery-icon landscape'>\n\t\t\t\t<a href='https:\/\/aeamesp.org.br\/site2025\/plateia-p4\/'><img loading=\"lazy\" decoding=\"async\" width=\"300\" height=\"185\" src=\"https:\/\/aeamesp.org.br\/site2025\/wp-content\/uploads\/2016\/04\/Plateia-P4-300x185.jpg\" class=\"attachment-medium size-medium\" alt=\"\" srcset=\"https:\/\/aeamesp.org.br\/site2025\/wp-content\/uploads\/2016\/04\/Plateia-P4-300x185.jpg 300w, https:\/\/aeamesp.org.br\/site2025\/wp-content\/uploads\/2016\/04\/Plateia-P4-768x473.jpg 768w, https:\/\/aeamesp.org.br\/site2025\/wp-content\/uploads\/2016\/04\/Plateia-P4.jpg 964w\" sizes=\"(max-width: 300px) 100vw, 300px\" \/><\/a>\n\t\t\t<\/div><\/figure><figure class='gallery-item'>\n\t\t\t<div class='gallery-icon landscape'>\n\t\t\t\t<a href='https:\/\/aeamesp.org.br\/site2025\/logo-2\/'><img loading=\"lazy\" decoding=\"async\" width=\"300\" height=\"185\" src=\"https:\/\/aeamesp.org.br\/site2025\/wp-content\/uploads\/2016\/04\/Logo-300x185.png\" class=\"attachment-medium size-medium\" alt=\"\" srcset=\"https:\/\/aeamesp.org.br\/site2025\/wp-content\/uploads\/2016\/04\/Logo-300x185.png 300w, https:\/\/aeamesp.org.br\/site2025\/wp-content\/uploads\/2016\/04\/Logo.png 746w\" sizes=\"(max-width: 300px) 100vw, 300px\" \/><\/a>\n\t\t\t<\/div><\/figure>\n\t\t<\/div>\n\n<h3><\/h3>\n<p>&nbsp;<\/p>\n<p><strong>Coordenador<\/strong><\/p>\n<div class=\"separa10px\"><\/div>\n<div class=\"row\">\n<div class=\"col-md-3\"><img decoding=\"async\" class=\"foto alignnone\" src=\"http:\/\/www.aeamesp.org.br\/21\/images\/sessoes\/21smP04A1.jpg\" alt=\"\" \/>\u00a0\u00a0<strong>Constantin Delis &#8211;\u00a0<\/strong>Chefe da Secretaria Geral da ALAMYS<\/div>\n<\/div>\n<div class=\"col-md-3\">\n<hr \/>\n<\/div>\n<div class=\"clearfix separa10px nflutua\"><\/div>\n<div class=\"clearfix separa10px nflutua\"><\/div>\n<div class=\"clearfix separa10px nflutua\"><\/div>\n<p><strong>Palestrantes<\/strong><\/p>\n<div class=\"separa10px\"><\/div>\n<div class=\"row\">\n<div class=\"col-sm-3\"><img decoding=\"async\" class=\"ftCentro alignnone\" src=\"http:\/\/www.aeamesp.org.br\/21\/images\/sessoes\/21smP04A2.jpg\" alt=\"\" \/>\u00a0\u00a0<strong>\u00c1lvaro Caballero &#8211;\u00a0<\/strong>Gerente Comercial e de Assuntos Corporativos do Metr\u00f4 de Santiago<\/div>\n<\/div>\n<div class=\"col-sm-3\">\n<hr \/>\n<\/div>\n<div class=\"col-sm-3\"><\/div>\n<div class=\"row\">\n<div class=\"col-sm-3\"><img decoding=\"async\" class=\"ftCentro alignnone\" src=\"http:\/\/www.aeamesp.org.br\/21\/images\/sessoes\/21smP04A3.jpg\" alt=\"\" \/>\u00a0\u00a0<strong>Marco Contin &#8211;\u00a0<\/strong>Diretor de Adminstra\u00e7\u00e3o da ALSTOM Brasil<\/div>\n<\/div>\n<div class=\"col-sm-3\">\n<hr \/>\n<\/div>\n<div class=\"col-sm-3\"><\/div>\n<div class=\"row\">\n<div class=\"col-sm-3\"><img decoding=\"async\" class=\"ftCentro\" src=\"http:\/\/www.aeamesp.org.br\/21\/images\/sessoes\/21smP04A4.jpg\" alt=\"\" \/>\u00a0\u00a0<strong>Juan Pablo Piccardo &#8211;\u00a0<\/strong>Presidente dos Subterr\u00e2neos de Buenos Aires<\/div>\n<\/div>\n<div class=\"col-sm-3\">\n<hr \/>\n<\/div>\n<div class=\"col-sm-3\"><\/div>\n<div class=\"col-sm-3\"><\/div>\n<div class=\"col-sm-3\"><\/div>\n<p><strong>Conte\u00fado disponibilizado pelos palestrantes:<\/strong><\/p>\n<p><a href=\"http:\/\/biblioteca.aeamesp.org.br\/smns\/21smIp04ap01.pdf\" target=\"_blank\">Combinar Excel\u00eancia Operacional com Sustentabilidade Financeira<\/a>\u00a0&#8211;\u00a0\u00c1lvaro Caballero.<\/p>\n<p><a href=\"http:\/\/biblioteca.aeamesp.org.br\/smns\/21smIp04ap02.pdf\" target=\"_blank\">O novo metr\u00f4 do Panam\u00e1 da perspectiva do fornecedor de material rodante 2015<\/a>\u00a0&#8211;\u00a0Marco Contin.<\/p>\n<p><a href=\"http:\/\/biblioteca.aeamesp.org.br\/smns\/21smIp04ap03.pdf\" target=\"_blank\">Plan de modernizaci\u00f3n del Subterr\u00e1neo de Buenos Aires<\/a>\u00a0&#8211;\u00a0Juan Pablo Piccardo<\/p>\n<p>&nbsp;<\/p>\n","protected":false},"excerpt":{"rendered":"<p>Audit\u00f3rio, dia 9\/ 9 &#8211; 15:40 hrs &#8211; Painel 4&hellip;<\/p>\n<p> <a class=\"more-link\" href=\"https:\/\/aeamesp.org.br\/site2025\/painel-4-alamys-o-avanco-metroferroviario-na-america-latina\/\">Leia mais<\/a><\/p>\n","protected":false},"author":1,"featured_media":4608,"comment_status":"open","ping_status":"open","sticky":false,"template":"","format":"standard","meta":{"pagelayer_contact_templates":[],"_pagelayer_content":"","_kadence_starter_templates_imported_post":false,"footnotes":""},"categories":[41],"tags":[120],"class_list":{"0":"post-2028","1":"post","2":"type-post","3":"status-publish","4":"format-standard","5":"has-post-thumbnail","7":"category-21a-semana-de-tecnologia-metroferroviaria","8":"tag-painel"},"_links":{"self":[{"href":"https:\/\/aeamesp.org.br\/site2025\/wp-json\/wp\/v2\/posts\/2028","targetHints":{"allow":["GET"]}}],"collection":[{"href":"https:\/\/aeamesp.org.br\/site2025\/wp-json\/wp\/v2\/posts"}],"about":[{"href":"https:\/\/aeamesp.org.br\/site2025\/wp-json\/wp\/v2\/types\/post"}],"author":[{"embeddable":true,"href":"https:\/\/aeamesp.org.br\/site2025\/wp-json\/wp\/v2\/users\/1"}],"replies":[{"embeddable":true,"href":"https:\/\/aeamesp.org.br\/site2025\/wp-json\/wp\/v2\/comments?post=2028"}],"version-history":[{"count":0,"href":"https:\/\/aeamesp.org.br\/site2025\/wp-json\/wp\/v2\/posts\/2028\/revisions"}],"wp:featuredmedia":[{"embeddable":true,"href":"https:\/\/aeamesp.org.br\/site2025\/wp-json\/wp\/v2\/media\/4608"}],"wp:attachment":[{"href":"https:\/\/aeamesp.org.br\/site2025\/wp-json\/wp\/v2\/media?parent=2028"}],"wp:term":[{"taxonomy":"category","embeddable":true,"href":"https:\/\/aeamesp.org.br\/site2025\/wp-json\/wp\/v2\/categories?post=2028"},{"taxonomy":"post_tag","embeddable":true,"href":"https:\/\/aeamesp.org.br\/site2025\/wp-json\/wp\/v2\/tags?post=2028"}],"curies":[{"name":"wp","href":"https:\/\/api.w.org\/{rel}","templated":true}]}}