{"id":2031,"date":"2015-09-10T09:00:13","date_gmt":"2015-09-10T09:00:13","guid":{"rendered":"https:\/\/aeamesp.org.br\/site2025\/painel-5-mobilidade-urbana-uso-do-solo-e-desenvolvimento-3\/"},"modified":"2015-09-10T09:00:13","modified_gmt":"2015-09-10T09:00:13","slug":"painel-5-mobilidade-urbana-uso-do-solo-e-desenvolvimento-3","status":"publish","type":"post","link":"https:\/\/aeamesp.org.br\/site2025\/painel-5-mobilidade-urbana-uso-do-solo-e-desenvolvimento-3\/","title":{"rendered":"Painel 5 &#8211; Mobilidade urbana, uso do solo e desenvolvimento"},"content":{"rendered":"<div class=\"modal-header\">\n<h4 id=\"programa-5-label\" class=\"modal-title\">Sala 2, dia 10\/ 9 &#8211; 09:00 hrs &#8211; Painel 05<\/h4>\n<\/div>\n<div class=\"modal-body\">\n<div class=\"row\">\n<div class=\"col-md-6\">\n<h3>Mobilidade urbana, uso do solo e desenvolvimento<\/h3>\n<\/div>\n<\/div>\n<\/div>\n<hr \/>\n<p style=\"text-align: justify;\">O Painel em quest\u00e3o visa discutir o plano de mobilidade da cidade, a matura\u00e7\u00e3o do plano diretor conectando o transporte e o uso do solo e os impactos do Novo Plano Diretor para a cidade de S\u00e3o Paulo tendo o transporte p\u00fablico como ator principal na reestrutura\u00e7\u00e3o da cidade e a apresenta\u00e7\u00e3o de um caso latino-americano de sucesso na intera\u00e7\u00e3o entre uso do solo e transporte.<\/p>\n<hr \/>\n<div id='gallery-1' class='gallery galleryid-2031 gallery-columns-4 gallery-size-medium'><figure class='gallery-item'>\n\t\t\t<div class='gallery-icon landscape'>\n\t\t\t\t<a href='https:\/\/aeamesp.org.br\/site2025\/palestrantes-todos-p5\/'><img fetchpriority=\"high\" decoding=\"async\" width=\"300\" height=\"200\" src=\"https:\/\/aeamesp.org.br\/site2025\/wp-content\/uploads\/2016\/04\/Palestrantes-todos-P5-300x200.jpg\" class=\"attachment-medium size-medium\" alt=\"\" srcset=\"https:\/\/aeamesp.org.br\/site2025\/wp-content\/uploads\/2016\/04\/Palestrantes-todos-P5-300x200.jpg 300w, https:\/\/aeamesp.org.br\/site2025\/wp-content\/uploads\/2016\/04\/Palestrantes-todos-P5-1024x683.jpg 1024w, https:\/\/aeamesp.org.br\/site2025\/wp-content\/uploads\/2016\/04\/Palestrantes-todos-P5-768x512.jpg 768w, https:\/\/aeamesp.org.br\/site2025\/wp-content\/uploads\/2016\/04\/Palestrantes-todos-P5.jpg 1348w\" sizes=\"(max-width: 300px) 100vw, 300px\" \/><\/a>\n\t\t\t<\/div><\/figure><figure class='gallery-item'>\n\t\t\t<div class='gallery-icon landscape'>\n\t\t\t\t<a href='https:\/\/aeamesp.org.br\/site2025\/palestrante-p5-1\/'><img decoding=\"async\" width=\"300\" height=\"200\" src=\"https:\/\/aeamesp.org.br\/site2025\/wp-content\/uploads\/2016\/04\/Palestrante-P5-1-300x200.jpg\" class=\"attachment-medium size-medium\" alt=\"\" srcset=\"https:\/\/aeamesp.org.br\/site2025\/wp-content\/uploads\/2016\/04\/Palestrante-P5-1-300x200.jpg 300w, https:\/\/aeamesp.org.br\/site2025\/wp-content\/uploads\/2016\/04\/Palestrante-P5-1-1024x683.jpg 1024w, https:\/\/aeamesp.org.br\/site2025\/wp-content\/uploads\/2016\/04\/Palestrante-P5-1-768x512.jpg 768w, https:\/\/aeamesp.org.br\/site2025\/wp-content\/uploads\/2016\/04\/Palestrante-P5-1.jpg 1348w\" sizes=\"(max-width: 300px) 100vw, 300px\" \/><\/a>\n\t\t\t<\/div><\/figure><figure class='gallery-item'>\n\t\t\t<div class='gallery-icon landscape'>\n\t\t\t\t<a href='https:\/\/aeamesp.org.br\/site2025\/palestrante-p5-2-2\/'><img decoding=\"async\" width=\"300\" height=\"200\" src=\"https:\/\/aeamesp.org.br\/site2025\/wp-content\/uploads\/2016\/04\/Palestrante-P5-2-2-300x200.jpg\" class=\"attachment-medium size-medium\" alt=\"\" srcset=\"https:\/\/aeamesp.org.br\/site2025\/wp-content\/uploads\/2016\/04\/Palestrante-P5-2-2-300x200.jpg 300w, https:\/\/aeamesp.org.br\/site2025\/wp-content\/uploads\/2016\/04\/Palestrante-P5-2-2-1024x683.jpg 1024w, https:\/\/aeamesp.org.br\/site2025\/wp-content\/uploads\/2016\/04\/Palestrante-P5-2-2-768x512.jpg 768w, https:\/\/aeamesp.org.br\/site2025\/wp-content\/uploads\/2016\/04\/Palestrante-P5-2-2.jpg 1348w\" sizes=\"(max-width: 300px) 100vw, 300px\" \/><\/a>\n\t\t\t<\/div><\/figure><figure class='gallery-item'>\n\t\t\t<div class='gallery-icon portrait'>\n\t\t\t\t<a href='https:\/\/aeamesp.org.br\/site2025\/palestrante-p5-3\/'><img loading=\"lazy\" decoding=\"async\" width=\"285\" height=\"300\" src=\"https:\/\/aeamesp.org.br\/site2025\/wp-content\/uploads\/2016\/04\/Palestrante-P5-3-e1460044691320-285x300.jpg\" class=\"attachment-medium size-medium\" alt=\"\" srcset=\"https:\/\/aeamesp.org.br\/site2025\/wp-content\/uploads\/2016\/04\/Palestrante-P5-3-e1460044691320-285x300.jpg 285w, https:\/\/aeamesp.org.br\/site2025\/wp-content\/uploads\/2016\/04\/Palestrante-P5-3-e1460044691320-768x809.jpg 768w, https:\/\/aeamesp.org.br\/site2025\/wp-content\/uploads\/2016\/04\/Palestrante-P5-3-e1460044691320.jpg 876w\" sizes=\"(max-width: 285px) 100vw, 285px\" \/><\/a>\n\t\t\t<\/div><\/figure><figure class='gallery-item'>\n\t\t\t<div class='gallery-icon portrait'>\n\t\t\t\t<a href='https:\/\/aeamesp.org.br\/site2025\/coordenadora-p5-2\/'><img loading=\"lazy\" decoding=\"async\" width=\"275\" height=\"300\" src=\"https:\/\/aeamesp.org.br\/site2025\/wp-content\/uploads\/2016\/04\/Coordenadora-P5-2-e1460044709879-275x300.jpg\" class=\"attachment-medium size-medium\" alt=\"\" srcset=\"https:\/\/aeamesp.org.br\/site2025\/wp-content\/uploads\/2016\/04\/Coordenadora-P5-2-e1460044709879-275x300.jpg 275w, https:\/\/aeamesp.org.br\/site2025\/wp-content\/uploads\/2016\/04\/Coordenadora-P5-2-e1460044709879.jpg 717w\" sizes=\"(max-width: 275px) 100vw, 275px\" \/><\/a>\n\t\t\t<\/div><\/figure><figure class='gallery-item'>\n\t\t\t<div class='gallery-icon landscape'>\n\t\t\t\t<a href='https:\/\/aeamesp.org.br\/site2025\/plateia-p5\/'><img loading=\"lazy\" decoding=\"async\" width=\"300\" height=\"200\" src=\"https:\/\/aeamesp.org.br\/site2025\/wp-content\/uploads\/2016\/04\/Plateia-P5-300x200.jpg\" class=\"attachment-medium size-medium\" alt=\"\" srcset=\"https:\/\/aeamesp.org.br\/site2025\/wp-content\/uploads\/2016\/04\/Plateia-P5-300x200.jpg 300w, https:\/\/aeamesp.org.br\/site2025\/wp-content\/uploads\/2016\/04\/Plateia-P5-1024x683.jpg 1024w, https:\/\/aeamesp.org.br\/site2025\/wp-content\/uploads\/2016\/04\/Plateia-P5-768x512.jpg 768w, https:\/\/aeamesp.org.br\/site2025\/wp-content\/uploads\/2016\/04\/Plateia-P5.jpg 1348w\" sizes=\"(max-width: 300px) 100vw, 300px\" \/><\/a>\n\t\t\t<\/div><\/figure><figure class='gallery-item'>\n\t\t\t<div class='gallery-icon landscape'>\n\t\t\t\t<a href='https:\/\/aeamesp.org.br\/site2025\/palestrante-p5-2\/'><img loading=\"lazy\" decoding=\"async\" width=\"300\" height=\"200\" src=\"https:\/\/aeamesp.org.br\/site2025\/wp-content\/uploads\/2016\/04\/Palestrante-P5-2-300x200.jpg\" class=\"attachment-medium size-medium\" alt=\"\" srcset=\"https:\/\/aeamesp.org.br\/site2025\/wp-content\/uploads\/2016\/04\/Palestrante-P5-2-300x200.jpg 300w, https:\/\/aeamesp.org.br\/site2025\/wp-content\/uploads\/2016\/04\/Palestrante-P5-2-1024x683.jpg 1024w, https:\/\/aeamesp.org.br\/site2025\/wp-content\/uploads\/2016\/04\/Palestrante-P5-2-768x512.jpg 768w, https:\/\/aeamesp.org.br\/site2025\/wp-content\/uploads\/2016\/04\/Palestrante-P5-2.jpg 1348w\" sizes=\"(max-width: 300px) 100vw, 300px\" \/><\/a>\n\t\t\t<\/div><\/figure><figure class='gallery-item'>\n\t\t\t<div class='gallery-icon landscape'>\n\t\t\t\t<a href='https:\/\/aeamesp.org.br\/site2025\/questionador-p5\/'><img loading=\"lazy\" decoding=\"async\" width=\"300\" height=\"200\" src=\"https:\/\/aeamesp.org.br\/site2025\/wp-content\/uploads\/2016\/04\/Questionador-P5-300x200.jpg\" class=\"attachment-medium size-medium\" alt=\"\" srcset=\"https:\/\/aeamesp.org.br\/site2025\/wp-content\/uploads\/2016\/04\/Questionador-P5-300x200.jpg 300w, https:\/\/aeamesp.org.br\/site2025\/wp-content\/uploads\/2016\/04\/Questionador-P5-1024x683.jpg 1024w, https:\/\/aeamesp.org.br\/site2025\/wp-content\/uploads\/2016\/04\/Questionador-P5-768x512.jpg 768w, https:\/\/aeamesp.org.br\/site2025\/wp-content\/uploads\/2016\/04\/Questionador-P5.jpg 1348w\" sizes=\"(max-width: 300px) 100vw, 300px\" \/><\/a>\n\t\t\t<\/div><\/figure><figure class='gallery-item'>\n\t\t\t<div class='gallery-icon landscape'>\n\t\t\t\t<a href='https:\/\/aeamesp.org.br\/site2025\/coordenadora-p5\/'><img loading=\"lazy\" decoding=\"async\" width=\"300\" height=\"200\" src=\"https:\/\/aeamesp.org.br\/site2025\/wp-content\/uploads\/2016\/04\/Coordenadora-P5-300x200.jpg\" class=\"attachment-medium size-medium\" alt=\"\" srcset=\"https:\/\/aeamesp.org.br\/site2025\/wp-content\/uploads\/2016\/04\/Coordenadora-P5-300x200.jpg 300w, https:\/\/aeamesp.org.br\/site2025\/wp-content\/uploads\/2016\/04\/Coordenadora-P5-1024x683.jpg 1024w, https:\/\/aeamesp.org.br\/site2025\/wp-content\/uploads\/2016\/04\/Coordenadora-P5-768x512.jpg 768w, https:\/\/aeamesp.org.br\/site2025\/wp-content\/uploads\/2016\/04\/Coordenadora-P5.jpg 1348w\" sizes=\"(max-width: 300px) 100vw, 300px\" \/><\/a>\n\t\t\t<\/div><\/figure>\n\t\t<\/div>\n\n<p>&nbsp;<\/p>\n<p><strong>Coordenadora<\/strong><\/p>\n<div class=\"clearfix separa10px nflutua\"><\/div>\n<div class=\"row\">\n<div class=\"col-md-3\"><img decoding=\"async\" class=\"foto\" src=\"http:\/\/www.aeamesp.org.br\/21\/images\/sessoes\/21smP05A1.jpg\" alt=\"\" \/>\u00a0<strong>Ang\u00e9lica A. T. B. Alvim &#8211;\u00a0<\/strong>Coordenadora geral de P\u00f3s-Gradua\u00e7\u00e3o Stricto Sensu, da Universidade Presbiteriana Mackenzie<\/div>\n<\/div>\n<div class=\"col-md-3\">\n<hr \/>\n<\/div>\n<div class=\"col-md-3\"><\/div>\n<div class=\"separa10px\"><\/div>\n<p><strong>Palestrantes<\/strong><\/p>\n<div class=\"separa10px\"><\/div>\n<div class=\"row\">\n<div class=\"col-sm-3\"><img decoding=\"async\" class=\"ftCentro\" src=\"http:\/\/www.aeamesp.org.br\/21\/images\/sessoes\/21smP05A2.jpg\" alt=\"\" \/>\u00a0\u00a0<strong>Daniel Todtmann Montandon &#8211;\u00a0<\/strong>Diretor do departamento de Uso do Solo da Secretaria Municipal de Desenvolvimento Urbano<\/div>\n<\/div>\n<div class=\"col-sm-3\">\n<hr \/>\n<\/div>\n<div class=\"col-sm-3\"><\/div>\n<div class=\"row\">\n<div class=\"col-sm-3\"><img decoding=\"async\" class=\"ftCentro\" src=\"http:\/\/www.aeamesp.org.br\/21\/images\/sessoes\/21smP05A3.jpg\" alt=\"\" \/>\u00a0\u00a0<strong>Kazuo Nakano &#8211;\u00a0<\/strong>Professor no mestrado em Direito Imobili\u00e1rio da Funda\u00e7\u00e3o Get\u00falio Vargas e no mestrado profissional em Arquitetura e Urbanismo da FIAM-FAAM<\/div>\n<\/div>\n<div class=\"col-sm-3\">\n<hr \/>\n<\/div>\n<div class=\"col-sm-3\"><\/div>\n<div class=\"row\">\n<div class=\"col-sm-3\"><img decoding=\"async\" class=\"ftCentro\" src=\"http:\/\/www.aeamesp.org.br\/21\/images\/sessoes\/21smP05A4.jpg\" alt=\"\" \/>\u00a0\u00a0<strong>Roc\u00edo Hidalgo &#8211;\u00a0<\/strong>Subdirectora Acad\u00e9mica Escuela de Arquitectura, Pontificia Universidad Cat\u00f3lica de Chile<\/div>\n<\/div>\n<div class=\"col-sm-3\">\n<hr \/>\n<\/div>\n<div class=\"col-sm-3\"><\/div>\n<p>&nbsp;<\/p>\n<p><strong>Apresenta\u00e7\u00f5es disponibilizadas pelos palestrantes:<\/strong><\/p>\n<p><a href=\"http:\/\/www.aeamesp.org.br\/biblioteca\/stm\/21smp05ap01.pdf\" target=\"_blank\">Mobilidade Urbana no PL 272\/15<\/a>\u00a0&#8211;\u00a0Daniel Montandon.<\/p>\n<p><a href=\"http:\/\/www.aeamesp.org.br\/biblioteca\/stm\/21smp05ap02.pdf\" target=\"_blank\">Mobilidade Urbana, Uso do Solo e Desenvolvimento<\/a>\u00a0&#8211;\u00a0\u00a0Kazuo Nakano.<\/p>\n<p><a href=\"http:\/\/www.aeamesp.org.br\/biblioteca\/stm\/21smp05ap03.pdf\" target=\"_blank\">A urbanidad del METRO, di\u00e1logos y proyecciones en Santiago de Chile<\/a>\u00a0&#8211;\u00a0Roc\u00edo Hidalgo.<\/p>\n<p>&nbsp;<\/p>\n<p>&nbsp;<\/p>\n","protected":false},"excerpt":{"rendered":"<p>Sala 2, dia 10\/ 9 &#8211; 09:00 hrs &#8211; Painel&hellip;<\/p>\n<p> <a class=\"more-link\" href=\"https:\/\/aeamesp.org.br\/site2025\/painel-5-mobilidade-urbana-uso-do-solo-e-desenvolvimento-3\/\">Leia mais<\/a><\/p>\n","protected":false},"author":1,"featured_media":4726,"comment_status":"open","ping_status":"open","sticky":false,"template":"","format":"standard","meta":{"pagelayer_contact_templates":[],"_pagelayer_content":"","_kadence_starter_templates_imported_post":false,"footnotes":""},"categories":[41],"tags":[120],"class_list":{"0":"post-2031","1":"post","2":"type-post","3":"status-publish","4":"format-standard","5":"has-post-thumbnail","7":"category-21a-semana-de-tecnologia-metroferroviaria","8":"tag-painel"},"_links":{"self":[{"href":"https:\/\/aeamesp.org.br\/site2025\/wp-json\/wp\/v2\/posts\/2031","targetHints":{"allow":["GET"]}}],"collection":[{"href":"https:\/\/aeamesp.org.br\/site2025\/wp-json\/wp\/v2\/posts"}],"about":[{"href":"https:\/\/aeamesp.org.br\/site2025\/wp-json\/wp\/v2\/types\/post"}],"author":[{"embeddable":true,"href":"https:\/\/aeamesp.org.br\/site2025\/wp-json\/wp\/v2\/users\/1"}],"replies":[{"embeddable":true,"href":"https:\/\/aeamesp.org.br\/site2025\/wp-json\/wp\/v2\/comments?post=2031"}],"version-history":[{"count":0,"href":"https:\/\/aeamesp.org.br\/site2025\/wp-json\/wp\/v2\/posts\/2031\/revisions"}],"wp:featuredmedia":[{"embeddable":true,"href":"https:\/\/aeamesp.org.br\/site2025\/wp-json\/wp\/v2\/media\/4726"}],"wp:attachment":[{"href":"https:\/\/aeamesp.org.br\/site2025\/wp-json\/wp\/v2\/media?parent=2031"}],"wp:term":[{"taxonomy":"category","embeddable":true,"href":"https:\/\/aeamesp.org.br\/site2025\/wp-json\/wp\/v2\/categories?post=2031"},{"taxonomy":"post_tag","embeddable":true,"href":"https:\/\/aeamesp.org.br\/site2025\/wp-json\/wp\/v2\/tags?post=2031"}],"curies":[{"name":"wp","href":"https:\/\/api.w.org\/{rel}","templated":true}]}}