{"id":2037,"date":"2015-09-10T10:40:13","date_gmt":"2015-09-10T10:40:13","guid":{"rendered":"https:\/\/aeamesp.org.br\/site2025\/painel-6-o-papel-dos-governos-na-melhoria-da-mobilidade-3\/"},"modified":"2015-09-10T10:40:13","modified_gmt":"2015-09-10T10:40:13","slug":"painel-6-o-papel-dos-governos-na-melhoria-da-mobilidade-3","status":"publish","type":"post","link":"https:\/\/aeamesp.org.br\/site2025\/painel-6-o-papel-dos-governos-na-melhoria-da-mobilidade-3\/","title":{"rendered":"Painel 6 &#8211; O papel dos governos na melhoria da mobilidade"},"content":{"rendered":"<div class=\"modal-header\">\n<h4 id=\"programa-5-label\" class=\"modal-title\">Sala 2, dia 10\/ 9 &#8211; 10:40 hrs &#8211; Painel 06<\/h4>\n<\/div>\n<div class=\"modal-body\">\n<div class=\"row\">\n<div class=\"col-md-6\">\n<h3>O papel dos governos na melhoria da mobilidade<\/h3>\n<\/div>\n<\/div>\n<\/div>\n<hr \/>\n<p style=\"text-align: justify;\">O Painel em quest\u00e3o visa discutir as a\u00e7\u00f5es dos governos para a concep\u00e7\u00e3o, implanta\u00e7\u00e3o e opera\u00e7\u00e3o de uma rede de transporte coletivo, que atenda as necessidades das cidades, integre o transporte individual e melhore a mobilidade urbana.<\/p>\n<hr \/>\n<div id='gallery-1' class='gallery galleryid-2037 gallery-columns-4 gallery-size-medium'><figure class='gallery-item'>\n\t\t\t<div class='gallery-icon landscape'>\n\t\t\t\t<a href='https:\/\/aeamesp.org.br\/site2025\/palestrantes-todos-p6\/'><img fetchpriority=\"high\" decoding=\"async\" width=\"300\" height=\"200\" src=\"https:\/\/aeamesp.org.br\/site2025\/wp-content\/uploads\/2016\/04\/Palestrantes-todos-P6-300x200.jpg\" class=\"attachment-medium size-medium\" alt=\"\" srcset=\"https:\/\/aeamesp.org.br\/site2025\/wp-content\/uploads\/2016\/04\/Palestrantes-todos-P6-300x200.jpg 300w, https:\/\/aeamesp.org.br\/site2025\/wp-content\/uploads\/2016\/04\/Palestrantes-todos-P6-1024x683.jpg 1024w, https:\/\/aeamesp.org.br\/site2025\/wp-content\/uploads\/2016\/04\/Palestrantes-todos-P6-768x512.jpg 768w, https:\/\/aeamesp.org.br\/site2025\/wp-content\/uploads\/2016\/04\/Palestrantes-todos-P6.jpg 1348w\" sizes=\"(max-width: 300px) 100vw, 300px\" \/><\/a>\n\t\t\t<\/div><\/figure><figure class='gallery-item'>\n\t\t\t<div class='gallery-icon landscape'>\n\t\t\t\t<a href='https:\/\/aeamesp.org.br\/site2025\/palestrante-p6-3\/'><img decoding=\"async\" width=\"300\" height=\"200\" src=\"https:\/\/aeamesp.org.br\/site2025\/wp-content\/uploads\/2016\/04\/Palestrante-P6-3-300x200.jpg\" class=\"attachment-medium size-medium\" alt=\"\" srcset=\"https:\/\/aeamesp.org.br\/site2025\/wp-content\/uploads\/2016\/04\/Palestrante-P6-3-300x200.jpg 300w, https:\/\/aeamesp.org.br\/site2025\/wp-content\/uploads\/2016\/04\/Palestrante-P6-3-1024x683.jpg 1024w, https:\/\/aeamesp.org.br\/site2025\/wp-content\/uploads\/2016\/04\/Palestrante-P6-3-768x512.jpg 768w, https:\/\/aeamesp.org.br\/site2025\/wp-content\/uploads\/2016\/04\/Palestrante-P6-3.jpg 1348w\" sizes=\"(max-width: 300px) 100vw, 300px\" \/><\/a>\n\t\t\t<\/div><\/figure><figure class='gallery-item'>\n\t\t\t<div class='gallery-icon landscape'>\n\t\t\t\t<a href='https:\/\/aeamesp.org.br\/site2025\/palestrante-p6-2\/'><img decoding=\"async\" width=\"300\" height=\"200\" src=\"https:\/\/aeamesp.org.br\/site2025\/wp-content\/uploads\/2016\/04\/Palestrante-P6-2-300x200.jpg\" class=\"attachment-medium size-medium\" alt=\"\" srcset=\"https:\/\/aeamesp.org.br\/site2025\/wp-content\/uploads\/2016\/04\/Palestrante-P6-2-300x200.jpg 300w, https:\/\/aeamesp.org.br\/site2025\/wp-content\/uploads\/2016\/04\/Palestrante-P6-2-1024x683.jpg 1024w, https:\/\/aeamesp.org.br\/site2025\/wp-content\/uploads\/2016\/04\/Palestrante-P6-2-768x512.jpg 768w, https:\/\/aeamesp.org.br\/site2025\/wp-content\/uploads\/2016\/04\/Palestrante-P6-2.jpg 1348w\" sizes=\"(max-width: 300px) 100vw, 300px\" \/><\/a>\n\t\t\t<\/div><\/figure><figure class='gallery-item'>\n\t\t\t<div class='gallery-icon landscape'>\n\t\t\t\t<a href='https:\/\/aeamesp.org.br\/site2025\/plateia-p6-3\/'><img loading=\"lazy\" decoding=\"async\" width=\"300\" height=\"200\" src=\"https:\/\/aeamesp.org.br\/site2025\/wp-content\/uploads\/2016\/04\/Plateia-P6-3-300x200.jpg\" class=\"attachment-medium size-medium\" alt=\"\" srcset=\"https:\/\/aeamesp.org.br\/site2025\/wp-content\/uploads\/2016\/04\/Plateia-P6-3-300x200.jpg 300w, https:\/\/aeamesp.org.br\/site2025\/wp-content\/uploads\/2016\/04\/Plateia-P6-3-1024x683.jpg 1024w, https:\/\/aeamesp.org.br\/site2025\/wp-content\/uploads\/2016\/04\/Plateia-P6-3-768x512.jpg 768w, https:\/\/aeamesp.org.br\/site2025\/wp-content\/uploads\/2016\/04\/Plateia-P6-3.jpg 1348w\" sizes=\"(max-width: 300px) 100vw, 300px\" \/><\/a>\n\t\t\t<\/div><\/figure><figure class='gallery-item'>\n\t\t\t<div class='gallery-icon landscape'>\n\t\t\t\t<a href='https:\/\/aeamesp.org.br\/site2025\/plateia-p6-2\/'><img loading=\"lazy\" decoding=\"async\" width=\"300\" height=\"200\" src=\"https:\/\/aeamesp.org.br\/site2025\/wp-content\/uploads\/2016\/04\/Plateia-P6-2-300x200.jpg\" class=\"attachment-medium size-medium\" alt=\"\" srcset=\"https:\/\/aeamesp.org.br\/site2025\/wp-content\/uploads\/2016\/04\/Plateia-P6-2-300x200.jpg 300w, https:\/\/aeamesp.org.br\/site2025\/wp-content\/uploads\/2016\/04\/Plateia-P6-2-1024x683.jpg 1024w, https:\/\/aeamesp.org.br\/site2025\/wp-content\/uploads\/2016\/04\/Plateia-P6-2-768x512.jpg 768w, https:\/\/aeamesp.org.br\/site2025\/wp-content\/uploads\/2016\/04\/Plateia-P6-2-1536x1024.jpg 1536w, https:\/\/aeamesp.org.br\/site2025\/wp-content\/uploads\/2016\/04\/Plateia-P6-2.jpg 1684w\" sizes=\"(max-width: 300px) 100vw, 300px\" \/><\/a>\n\t\t\t<\/div><\/figure><figure class='gallery-item'>\n\t\t\t<div class='gallery-icon landscape'>\n\t\t\t\t<a href='https:\/\/aeamesp.org.br\/site2025\/plateia-p6\/'><img loading=\"lazy\" decoding=\"async\" width=\"300\" height=\"200\" src=\"https:\/\/aeamesp.org.br\/site2025\/wp-content\/uploads\/2016\/04\/Plateia-P6-300x200.jpg\" class=\"attachment-medium size-medium\" alt=\"\" srcset=\"https:\/\/aeamesp.org.br\/site2025\/wp-content\/uploads\/2016\/04\/Plateia-P6-300x200.jpg 300w, https:\/\/aeamesp.org.br\/site2025\/wp-content\/uploads\/2016\/04\/Plateia-P6-1024x683.jpg 1024w, https:\/\/aeamesp.org.br\/site2025\/wp-content\/uploads\/2016\/04\/Plateia-P6-768x512.jpg 768w, https:\/\/aeamesp.org.br\/site2025\/wp-content\/uploads\/2016\/04\/Plateia-P6-1536x1024.jpg 1536w, https:\/\/aeamesp.org.br\/site2025\/wp-content\/uploads\/2016\/04\/Plateia-P6.jpg 1684w\" sizes=\"(max-width: 300px) 100vw, 300px\" \/><\/a>\n\t\t\t<\/div><\/figure><figure class='gallery-item'>\n\t\t\t<div class='gallery-icon landscape'>\n\t\t\t\t<a href='https:\/\/aeamesp.org.br\/site2025\/palestrante-p6-1\/'><img loading=\"lazy\" decoding=\"async\" width=\"300\" height=\"200\" src=\"https:\/\/aeamesp.org.br\/site2025\/wp-content\/uploads\/2016\/04\/Palestrante-P6-1-300x200.jpg\" class=\"attachment-medium size-medium\" alt=\"\" srcset=\"https:\/\/aeamesp.org.br\/site2025\/wp-content\/uploads\/2016\/04\/Palestrante-P6-1-300x200.jpg 300w, https:\/\/aeamesp.org.br\/site2025\/wp-content\/uploads\/2016\/04\/Palestrante-P6-1-1024x683.jpg 1024w, https:\/\/aeamesp.org.br\/site2025\/wp-content\/uploads\/2016\/04\/Palestrante-P6-1-768x512.jpg 768w, https:\/\/aeamesp.org.br\/site2025\/wp-content\/uploads\/2016\/04\/Palestrante-P6-1.jpg 1348w\" sizes=\"(max-width: 300px) 100vw, 300px\" \/><\/a>\n\t\t\t<\/div><\/figure>\n\t\t<\/div>\n\n<p>&nbsp;<\/p>\n<p><strong>Coordenador<\/strong><\/p>\n<div class=\"separa10px\"><\/div>\n<div class=\"row\">\n<div class=\"col-md-3\"><img decoding=\"async\" class=\"foto alignnone\" src=\"http:\/\/www.aeamesp.org.br\/21\/images\/sessoes\/21smP06A1.jpg\" alt=\"\" \/>\u00a0\u00a0<strong>Eduardo Hotz &#8211;\u00a0<\/strong>Presidente do METROFOR<\/div>\n<\/div>\n<div class=\"col-md-3\">\n<hr \/>\n<\/div>\n<div class=\"col-md-3\"><\/div>\n<div class=\"separa10px\"><\/div>\n<p><strong>Palestrantes<\/strong><\/p>\n<div class=\"separa10px\"><\/div>\n<div class=\"row\">\n<div class=\"col-sm-3\"><img decoding=\"async\" class=\"ftCentro alignnone\" src=\"http:\/\/www.aeamesp.org.br\/21\/images\/sessoes\/21smP06A2.jpg\" alt=\"\" \/>\u00a0\u00a0<strong>Fernando Nunes da Silva &#8211;\u00a0<\/strong>Consultor e ex-secret\u00e1rio de Transportes de Lisboa, Portugal<\/div>\n<\/div>\n<div class=\"col-sm-3\">\n<hr \/>\n<\/div>\n<div class=\"col-sm-3\"><\/div>\n<div class=\"row\">\n<div class=\"col-sm-3\"><img decoding=\"async\" class=\"ftCentro\" src=\"http:\/\/www.aeamesp.org.br\/21\/images\/sessoes\/21smP06A3.jpg\" alt=\"\" \/>\u00a0\u00a0<strong>Hamilton Lacerda &#8211;\u00a0<\/strong>Cons\u00f3rcio Grande ABC<\/div>\n<\/div>\n<div class=\"col-sm-3\">\n<hr \/>\n<\/div>\n<div class=\"col-sm-3\"><\/div>\n<div class=\"row\">\n<div class=\"col-sm-3\"><img decoding=\"async\" class=\"ftCentro\" src=\"http:\/\/www.aeamesp.org.br\/21\/images\/sessoes\/21smP06A4.jpg\" alt=\"\" \/>\u00a0\u00a0<strong>Rovena Negreiros &#8211;\u00a0<\/strong>Presidente da EMPLASA<\/div>\n<\/div>\n<div class=\"col-sm-3\"><\/div>\n<div class=\"col-sm-3\">\n<hr \/>\n<\/div>\n<p>&nbsp;<\/p>\n<p><strong>Apresenta\u00e7\u00f5es disponibilizadas pelos palestrantes:<\/strong><\/p>\n<p><a href=\"http:\/\/aeamesp.org.br\/biblioteca\/stm\/21smp06ap01.pdf\" target=\"_blank\">A organiza\u00e7\u00e3o dos sistemas de transportes em \u00e1reas metropolitanas<\/a>\u00a0&#8211;\u00a0Fernando Nunes da Silva.<\/p>\n<p><a href=\"http:\/\/biblioteca.aeamesp.org.br\/smns\/21smp06ap02.pdf\" target=\"_blank\">Cons\u00f3rcios P\u00fablicos, planejamento e integra\u00e7\u00e3o regional: a trajet\u00f3ria do Cons\u00f3rcio Intermunicipal Grande ABC<\/a>\u00a0&#8211;\u00a0Hamilton Lacerda.<\/p>\n<p><a href=\"http:\/\/biblioteca.aeamesp.org.br\/smns\/21smp06ap03.pdf\" target=\"_blank\">Trajet\u00f3ria do Plano Regional de Mobilidade<\/a>\u00a0&#8211;\u00a0Hamilton Lacerda.<\/p>\n<p><a href=\"http:\/\/biblioteca.aeamesp.org.br\/smns\/21smp06ap04.pdf\" target=\"_blank\">Mobilidade do Ponto de Vista Metropolitano: Papel do Governo do Estado de S\u00e3o Paulo<\/a>\u00a0&#8211;\u00a0\u00a0Rovena Negreiros.<\/p>\n<p>&nbsp;<\/p>\n<p>&nbsp;<\/p>\n","protected":false},"excerpt":{"rendered":"<p>Sala 2, dia 10\/ 9 &#8211; 10:40 hrs &#8211; Painel&hellip;<\/p>\n<p> <a class=\"more-link\" href=\"https:\/\/aeamesp.org.br\/site2025\/painel-6-o-papel-dos-governos-na-melhoria-da-mobilidade-3\/\">Leia mais<\/a><\/p>\n","protected":false},"author":1,"featured_media":4618,"comment_status":"open","ping_status":"open","sticky":false,"template":"","format":"standard","meta":{"pagelayer_contact_templates":[],"_pagelayer_content":"","_kadence_starter_templates_imported_post":false,"footnotes":""},"categories":[41],"tags":[120],"class_list":{"0":"post-2037","1":"post","2":"type-post","3":"status-publish","4":"format-standard","5":"has-post-thumbnail","7":"category-21a-semana-de-tecnologia-metroferroviaria","8":"tag-painel"},"_links":{"self":[{"href":"https:\/\/aeamesp.org.br\/site2025\/wp-json\/wp\/v2\/posts\/2037","targetHints":{"allow":["GET"]}}],"collection":[{"href":"https:\/\/aeamesp.org.br\/site2025\/wp-json\/wp\/v2\/posts"}],"about":[{"href":"https:\/\/aeamesp.org.br\/site2025\/wp-json\/wp\/v2\/types\/post"}],"author":[{"embeddable":true,"href":"https:\/\/aeamesp.org.br\/site2025\/wp-json\/wp\/v2\/users\/1"}],"replies":[{"embeddable":true,"href":"https:\/\/aeamesp.org.br\/site2025\/wp-json\/wp\/v2\/comments?post=2037"}],"version-history":[{"count":0,"href":"https:\/\/aeamesp.org.br\/site2025\/wp-json\/wp\/v2\/posts\/2037\/revisions"}],"wp:featuredmedia":[{"embeddable":true,"href":"https:\/\/aeamesp.org.br\/site2025\/wp-json\/wp\/v2\/media\/4618"}],"wp:attachment":[{"href":"https:\/\/aeamesp.org.br\/site2025\/wp-json\/wp\/v2\/media?parent=2037"}],"wp:term":[{"taxonomy":"category","embeddable":true,"href":"https:\/\/aeamesp.org.br\/site2025\/wp-json\/wp\/v2\/categories?post=2037"},{"taxonomy":"post_tag","embeddable":true,"href":"https:\/\/aeamesp.org.br\/site2025\/wp-json\/wp\/v2\/tags?post=2037"}],"curies":[{"name":"wp","href":"https:\/\/api.w.org\/{rel}","templated":true}]}}