{"id":2038,"date":"2015-09-10T14:00:13","date_gmt":"2015-09-10T14:00:13","guid":{"rendered":"https:\/\/aeamesp.org.br\/site2025\/painel-7-a-interacao-entre-o-transporte-de-cargas-e-passageiros-como-fator-de-dinamizacao-do-transporte-ferroviario\/"},"modified":"2015-09-10T14:00:13","modified_gmt":"2015-09-10T14:00:13","slug":"painel-7-a-interacao-entre-o-transporte-de-cargas-e-passageiros-como-fator-de-dinamizacao-do-transporte-ferroviario","status":"publish","type":"post","link":"https:\/\/aeamesp.org.br\/site2025\/painel-7-a-interacao-entre-o-transporte-de-cargas-e-passageiros-como-fator-de-dinamizacao-do-transporte-ferroviario\/","title":{"rendered":"Painel 7 &#8211; A intera\u00e7\u00e3o entre o transporte de cargas e passageiros como fator de dinamiza\u00e7\u00e3o do transporte ferrovi\u00e1rio"},"content":{"rendered":"<div class=\"modal-header\">\n<h4 id=\"programa-5-label\" class=\"modal-title\">Sala 2, dia 10\/ 9 &#8211; 14:00 hrs &#8211; Painel 07<\/h4>\n<\/div>\n<div class=\"modal-body\">\n<div class=\"row\">\n<div class=\"col-md-6\">\n<h3>A intera\u00e7\u00e3o entre o transporte de cargas e passageiros como fator de dinamiza\u00e7\u00e3o do transporte ferrovi\u00e1rio<\/h3>\n<\/div>\n<\/div>\n<\/div>\n<hr \/>\n<p style=\"text-align: justify;\">O Painel em quest\u00e3o visa discutir os desafios impostos pelo tr\u00e1fego m\u00fatuo e interoperabilidade e, ainda, a otimiza\u00e7\u00e3o do uso dos ativos ferrovi\u00e1rios. Ser\u00e1 apresentado tamb\u00e9m o novo trem de passageiros da VALE e um panorama sobre trens regionais.<\/p>\n<hr \/>\n<div id='gallery-1' class='gallery galleryid-2038 gallery-columns-4 gallery-size-medium'><figure class='gallery-item'>\n\t\t\t<div class='gallery-icon landscape'>\n\t\t\t\t<a href='https:\/\/aeamesp.org.br\/site2025\/palestrantes-todos-p7\/'><img fetchpriority=\"high\" decoding=\"async\" width=\"300\" height=\"200\" src=\"https:\/\/aeamesp.org.br\/site2025\/wp-content\/uploads\/2016\/04\/Palestrantes-todos-P7-300x200.jpg\" class=\"attachment-medium size-medium\" alt=\"\" srcset=\"https:\/\/aeamesp.org.br\/site2025\/wp-content\/uploads\/2016\/04\/Palestrantes-todos-P7-300x200.jpg 300w, https:\/\/aeamesp.org.br\/site2025\/wp-content\/uploads\/2016\/04\/Palestrantes-todos-P7-1024x683.jpg 1024w, https:\/\/aeamesp.org.br\/site2025\/wp-content\/uploads\/2016\/04\/Palestrantes-todos-P7-768x512.jpg 768w, https:\/\/aeamesp.org.br\/site2025\/wp-content\/uploads\/2016\/04\/Palestrantes-todos-P7.jpg 1124w\" sizes=\"(max-width: 300px) 100vw, 300px\" \/><\/a>\n\t\t\t<\/div><\/figure><figure class='gallery-item'>\n\t\t\t<div class='gallery-icon landscape'>\n\t\t\t\t<a href='https:\/\/aeamesp.org.br\/site2025\/coordenador-p7\/'><img decoding=\"async\" width=\"300\" height=\"200\" src=\"https:\/\/aeamesp.org.br\/site2025\/wp-content\/uploads\/2016\/04\/Coordenador-P7-300x200.jpg\" class=\"attachment-medium size-medium\" alt=\"\" srcset=\"https:\/\/aeamesp.org.br\/site2025\/wp-content\/uploads\/2016\/04\/Coordenador-P7-300x200.jpg 300w, https:\/\/aeamesp.org.br\/site2025\/wp-content\/uploads\/2016\/04\/Coordenador-P7-1024x683.jpg 1024w, https:\/\/aeamesp.org.br\/site2025\/wp-content\/uploads\/2016\/04\/Coordenador-P7-768x512.jpg 768w, https:\/\/aeamesp.org.br\/site2025\/wp-content\/uploads\/2016\/04\/Coordenador-P7.jpg 1124w\" sizes=\"(max-width: 300px) 100vw, 300px\" \/><\/a>\n\t\t\t<\/div><\/figure><figure class='gallery-item'>\n\t\t\t<div class='gallery-icon landscape'>\n\t\t\t\t<a href='https:\/\/aeamesp.org.br\/site2025\/palestrante-p7-1\/'><img decoding=\"async\" width=\"300\" height=\"200\" src=\"https:\/\/aeamesp.org.br\/site2025\/wp-content\/uploads\/2016\/04\/Palestrante-P7-1-300x200.jpg\" class=\"attachment-medium size-medium\" alt=\"\" srcset=\"https:\/\/aeamesp.org.br\/site2025\/wp-content\/uploads\/2016\/04\/Palestrante-P7-1-300x200.jpg 300w, https:\/\/aeamesp.org.br\/site2025\/wp-content\/uploads\/2016\/04\/Palestrante-P7-1-1024x683.jpg 1024w, https:\/\/aeamesp.org.br\/site2025\/wp-content\/uploads\/2016\/04\/Palestrante-P7-1-768x512.jpg 768w, https:\/\/aeamesp.org.br\/site2025\/wp-content\/uploads\/2016\/04\/Palestrante-P7-1.jpg 1124w\" sizes=\"(max-width: 300px) 100vw, 300px\" \/><\/a>\n\t\t\t<\/div><\/figure><figure class='gallery-item'>\n\t\t\t<div class='gallery-icon landscape'>\n\t\t\t\t<a href='https:\/\/aeamesp.org.br\/site2025\/palestrante-p7-2\/'><img loading=\"lazy\" decoding=\"async\" width=\"300\" height=\"200\" src=\"https:\/\/aeamesp.org.br\/site2025\/wp-content\/uploads\/2016\/04\/Palestrante-P7-2-300x200.jpg\" class=\"attachment-medium size-medium\" alt=\"\" srcset=\"https:\/\/aeamesp.org.br\/site2025\/wp-content\/uploads\/2016\/04\/Palestrante-P7-2-300x200.jpg 300w, https:\/\/aeamesp.org.br\/site2025\/wp-content\/uploads\/2016\/04\/Palestrante-P7-2-1024x683.jpg 1024w, https:\/\/aeamesp.org.br\/site2025\/wp-content\/uploads\/2016\/04\/Palestrante-P7-2-768x512.jpg 768w, https:\/\/aeamesp.org.br\/site2025\/wp-content\/uploads\/2016\/04\/Palestrante-P7-2.jpg 1124w\" sizes=\"(max-width: 300px) 100vw, 300px\" \/><\/a>\n\t\t\t<\/div><\/figure><figure class='gallery-item'>\n\t\t\t<div class='gallery-icon landscape'>\n\t\t\t\t<a href='https:\/\/aeamesp.org.br\/site2025\/plateia-p7-3\/'><img loading=\"lazy\" decoding=\"async\" width=\"300\" height=\"200\" src=\"https:\/\/aeamesp.org.br\/site2025\/wp-content\/uploads\/2016\/04\/Plateia-P7-3-300x200.jpg\" class=\"attachment-medium size-medium\" alt=\"\" srcset=\"https:\/\/aeamesp.org.br\/site2025\/wp-content\/uploads\/2016\/04\/Plateia-P7-3-300x200.jpg 300w, https:\/\/aeamesp.org.br\/site2025\/wp-content\/uploads\/2016\/04\/Plateia-P7-3-1024x683.jpg 1024w, https:\/\/aeamesp.org.br\/site2025\/wp-content\/uploads\/2016\/04\/Plateia-P7-3-768x512.jpg 768w, https:\/\/aeamesp.org.br\/site2025\/wp-content\/uploads\/2016\/04\/Plateia-P7-3.jpg 1124w\" sizes=\"(max-width: 300px) 100vw, 300px\" \/><\/a>\n\t\t\t<\/div><\/figure><figure class='gallery-item'>\n\t\t\t<div class='gallery-icon landscape'>\n\t\t\t\t<a href='https:\/\/aeamesp.org.br\/site2025\/plateia-p7-2\/'><img loading=\"lazy\" decoding=\"async\" width=\"300\" height=\"200\" src=\"https:\/\/aeamesp.org.br\/site2025\/wp-content\/uploads\/2016\/04\/Plateia-P7-2-300x200.jpg\" class=\"attachment-medium size-medium\" alt=\"\" srcset=\"https:\/\/aeamesp.org.br\/site2025\/wp-content\/uploads\/2016\/04\/Plateia-P7-2-300x200.jpg 300w, https:\/\/aeamesp.org.br\/site2025\/wp-content\/uploads\/2016\/04\/Plateia-P7-2-1024x683.jpg 1024w, https:\/\/aeamesp.org.br\/site2025\/wp-content\/uploads\/2016\/04\/Plateia-P7-2-768x512.jpg 768w, https:\/\/aeamesp.org.br\/site2025\/wp-content\/uploads\/2016\/04\/Plateia-P7-2.jpg 1124w\" sizes=\"(max-width: 300px) 100vw, 300px\" \/><\/a>\n\t\t\t<\/div><\/figure><figure class='gallery-item'>\n\t\t\t<div class='gallery-icon landscape'>\n\t\t\t\t<a href='https:\/\/aeamesp.org.br\/site2025\/plateia-p7\/'><img loading=\"lazy\" decoding=\"async\" width=\"300\" height=\"200\" src=\"https:\/\/aeamesp.org.br\/site2025\/wp-content\/uploads\/2016\/04\/Plateia-P7-300x200.jpg\" class=\"attachment-medium size-medium\" alt=\"\" srcset=\"https:\/\/aeamesp.org.br\/site2025\/wp-content\/uploads\/2016\/04\/Plateia-P7-300x200.jpg 300w, https:\/\/aeamesp.org.br\/site2025\/wp-content\/uploads\/2016\/04\/Plateia-P7-1024x683.jpg 1024w, https:\/\/aeamesp.org.br\/site2025\/wp-content\/uploads\/2016\/04\/Plateia-P7-768x512.jpg 768w, https:\/\/aeamesp.org.br\/site2025\/wp-content\/uploads\/2016\/04\/Plateia-P7.jpg 1124w\" sizes=\"(max-width: 300px) 100vw, 300px\" \/><\/a>\n\t\t\t<\/div><\/figure>\n\t\t<\/div>\n\n<p>&nbsp;<\/p>\n<p><strong>Coordenador<\/strong><\/p>\n<div class=\"separa10px\"><\/div>\n<div class=\"row\">\n<div class=\"col-md-3\"><img decoding=\"async\" class=\"foto\" src=\"http:\/\/www.aeamesp.org.br\/21\/images\/sessoes\/21smP07A1.jpg\" alt=\"\" \/>\u00a0\u00a0<strong>Jorge Martins Secall &#8211;\u00a0<\/strong>Consultor da AEAMESP<\/div>\n<\/div>\n<div class=\"col-md-3\">\n<hr \/>\n<\/div>\n<div class=\"separa10px\"><\/div>\n<p><strong>Palestrantes<\/strong><\/p>\n<div class=\"separa10px\"><\/div>\n<div class=\"row\">\n<div class=\"col-sm-3\"><img decoding=\"async\" class=\"ftCentro\" src=\"http:\/\/www.aeamesp.org.br\/21\/images\/sessoes\/21smP07A2.jpg\" alt=\"\" \/>\u00a0\u00a0<strong>Domingos Rocha &#8211;\u00a0<\/strong>Gerente da EFVM\/VALE<\/div>\n<\/div>\n<div class=\"col-sm-3\">\n<hr \/>\n<\/div>\n<div class=\"col-sm-3\"><\/div>\n<div class=\"row\">\n<div class=\"col-sm-3\"><img decoding=\"async\" class=\"ftCentro\" src=\"http:\/\/www.aeamesp.org.br\/21\/images\/sessoes\/21smP07A3.jpg\" alt=\"\" \/>\u00a0\u00a0<strong>Peter Mirow &#8211;\u00a0<\/strong>Diretor Executivo da DBI Brasil<\/div>\n<\/div>\n<div class=\"col-sm-3\"><\/div>\n<div class=\"col-sm-3\">\n<hr \/>\n<\/div>\n<p>&nbsp;<\/p>\n<p><strong>Apresenta\u00e7\u00f5es disponibilizadas pelos palestrantes:<\/strong><\/p>\n<p><a href=\"http:\/\/aeamesp.org.br\/biblioteca\/stm\/21smp07ap01.pdf\" target=\"_blank\">Convite a Reflex\u00e3o<\/a>\u00a0&#8211;\u00a0\u00a0Jorge Secall.<\/p>\n<p><a href=\"http:\/\/aeamesp.org.br\/biblioteca\/stm\/21smp07ap02.pdf\" target=\"_blank\">Novo Trem de Passageiros &#8211; Estrada de Ferro Vit\u00f3ria a Minas<\/a>\u00a0&#8211;\u00a0\u00a0Domingos Rocha.<\/p>\n<p><a href=\"http:\/\/aeamesp.org.br\/biblioteca\/stm\/21smp07ap03.pdf\" target=\"_blank\">A experi\u00eancia alem\u00e3 na opera\u00e7\u00e3o de tr\u00e1fego misto em linhas de Trem de Alta Velocidade<\/a>\u00a0&#8211;\u00a0Peter Mirow.<\/p>\n<p>&nbsp;<\/p>\n","protected":false},"excerpt":{"rendered":"<p>Sala 2, dia 10\/ 9 &#8211; 14:00 hrs &#8211; Painel&hellip;<\/p>\n<p> <a class=\"more-link\" href=\"https:\/\/aeamesp.org.br\/site2025\/painel-7-a-interacao-entre-o-transporte-de-cargas-e-passageiros-como-fator-de-dinamizacao-do-transporte-ferroviario\/\">Leia mais<\/a><\/p>\n","protected":false},"author":1,"featured_media":4636,"comment_status":"open","ping_status":"open","sticky":false,"template":"","format":"standard","meta":{"pagelayer_contact_templates":[],"_pagelayer_content":"","_kadence_starter_templates_imported_post":false,"footnotes":""},"categories":[41],"tags":[120],"class_list":{"0":"post-2038","1":"post","2":"type-post","3":"status-publish","4":"format-standard","5":"has-post-thumbnail","7":"category-21a-semana-de-tecnologia-metroferroviaria","8":"tag-painel"},"_links":{"self":[{"href":"https:\/\/aeamesp.org.br\/site2025\/wp-json\/wp\/v2\/posts\/2038","targetHints":{"allow":["GET"]}}],"collection":[{"href":"https:\/\/aeamesp.org.br\/site2025\/wp-json\/wp\/v2\/posts"}],"about":[{"href":"https:\/\/aeamesp.org.br\/site2025\/wp-json\/wp\/v2\/types\/post"}],"author":[{"embeddable":true,"href":"https:\/\/aeamesp.org.br\/site2025\/wp-json\/wp\/v2\/users\/1"}],"replies":[{"embeddable":true,"href":"https:\/\/aeamesp.org.br\/site2025\/wp-json\/wp\/v2\/comments?post=2038"}],"version-history":[{"count":0,"href":"https:\/\/aeamesp.org.br\/site2025\/wp-json\/wp\/v2\/posts\/2038\/revisions"}],"wp:featuredmedia":[{"embeddable":true,"href":"https:\/\/aeamesp.org.br\/site2025\/wp-json\/wp\/v2\/media\/4636"}],"wp:attachment":[{"href":"https:\/\/aeamesp.org.br\/site2025\/wp-json\/wp\/v2\/media?parent=2038"}],"wp:term":[{"taxonomy":"category","embeddable":true,"href":"https:\/\/aeamesp.org.br\/site2025\/wp-json\/wp\/v2\/categories?post=2038"},{"taxonomy":"post_tag","embeddable":true,"href":"https:\/\/aeamesp.org.br\/site2025\/wp-json\/wp\/v2\/tags?post=2038"}],"curies":[{"name":"wp","href":"https:\/\/api.w.org\/{rel}","templated":true}]}}