{"id":2041,"date":"2015-09-10T15:40:13","date_gmt":"2015-09-10T15:40:13","guid":{"rendered":"https:\/\/aeamesp.org.br\/site2025\/painel-8-transporte-ferroviario-de-carga-em-areas-metropolitanas-o-papel-do-ferroanel\/"},"modified":"2015-09-10T15:40:13","modified_gmt":"2015-09-10T15:40:13","slug":"painel-8-transporte-ferroviario-de-carga-em-areas-metropolitanas-o-papel-do-ferroanel","status":"publish","type":"post","link":"https:\/\/aeamesp.org.br\/site2025\/painel-8-transporte-ferroviario-de-carga-em-areas-metropolitanas-o-papel-do-ferroanel\/","title":{"rendered":"Painel 8 &#8211; Transporte ferrovi\u00e1rio de carga em \u00e1reas metropolitanas \u2013 o papel do ferroanel"},"content":{"rendered":"<div class=\"modal-header\">\n<h4 id=\"programa-5-label\" class=\"modal-title\">Sala 2, dia 10\/ 9 &#8211; 15:40 hrs &#8211; Painel 08<\/h4>\n<\/div>\n<div class=\"modal-body\">\n<div class=\"row\">\n<div class=\"col-md-6\">\n<h3>Transporte ferrovi\u00e1rio de carga em \u00e1reas metropolitanas \u2013 o papel do ferroanel<\/h3>\n<\/div>\n<\/div>\n<\/div>\n<hr \/>\n<p style=\"text-align: justify;\">O Painel em quest\u00e3o visa discutir o papel da carga geral nas ferrovias, o ferroanel como agente de integra\u00e7\u00e3o no estado de S\u00e3o Paulo e a reestrutura\u00e7\u00e3o das ferrovias brasileiras, com apresenta\u00e7\u00e3o de casos em curso.<\/p>\n<hr \/>\n<div id='gallery-1' class='gallery galleryid-2041 gallery-columns-4 gallery-size-thumbnail'><figure class='gallery-item'>\n\t\t\t<div class='gallery-icon landscape'>\n\t\t\t\t<a href='https:\/\/aeamesp.org.br\/site2025\/palestrantes-todos-p8\/'><img decoding=\"async\" width=\"150\" height=\"150\" src=\"https:\/\/aeamesp.org.br\/site2025\/wp-content\/uploads\/2016\/04\/Palestrantes-todos-P8-150x150.jpg\" class=\"attachment-thumbnail size-thumbnail\" alt=\"\" \/><\/a>\n\t\t\t<\/div><\/figure><figure class='gallery-item'>\n\t\t\t<div class='gallery-icon landscape'>\n\t\t\t\t<a href='https:\/\/aeamesp.org.br\/site2025\/palestrante-p8-1-2\/'><img decoding=\"async\" width=\"150\" height=\"150\" src=\"https:\/\/aeamesp.org.br\/site2025\/wp-content\/uploads\/2016\/04\/Palestrante-P8-1-2-e1459969173594-150x150.jpg\" class=\"attachment-thumbnail size-thumbnail\" alt=\"\" \/><\/a>\n\t\t\t<\/div><\/figure><figure class='gallery-item'>\n\t\t\t<div class='gallery-icon landscape'>\n\t\t\t\t<a href='https:\/\/aeamesp.org.br\/site2025\/palestrante-p8-1\/'><img decoding=\"async\" width=\"150\" height=\"150\" src=\"https:\/\/aeamesp.org.br\/site2025\/wp-content\/uploads\/2016\/04\/Palestrante-P8-1-150x150.jpg\" class=\"attachment-thumbnail size-thumbnail\" alt=\"\" \/><\/a>\n\t\t\t<\/div><\/figure><figure class='gallery-item'>\n\t\t\t<div class='gallery-icon landscape'>\n\t\t\t\t<a href='https:\/\/aeamesp.org.br\/site2025\/palestrante-p8-2\/'><img loading=\"lazy\" decoding=\"async\" width=\"150\" height=\"150\" src=\"https:\/\/aeamesp.org.br\/site2025\/wp-content\/uploads\/2016\/04\/Palestrante-P8-2-150x150.jpg\" class=\"attachment-thumbnail size-thumbnail\" alt=\"\" \/><\/a>\n\t\t\t<\/div><\/figure><figure class='gallery-item'>\n\t\t\t<div class='gallery-icon landscape'>\n\t\t\t\t<a href='https:\/\/aeamesp.org.br\/site2025\/plateia-p8-1\/'><img loading=\"lazy\" decoding=\"async\" width=\"150\" height=\"150\" src=\"https:\/\/aeamesp.org.br\/site2025\/wp-content\/uploads\/2016\/04\/Plateia-P8-1-150x150.jpg\" class=\"attachment-thumbnail size-thumbnail\" alt=\"\" \/><\/a>\n\t\t\t<\/div><\/figure><figure class='gallery-item'>\n\t\t\t<div class='gallery-icon landscape'>\n\t\t\t\t<a href='https:\/\/aeamesp.org.br\/site2025\/plateia-p8-2\/'><img loading=\"lazy\" decoding=\"async\" width=\"150\" height=\"150\" src=\"https:\/\/aeamesp.org.br\/site2025\/wp-content\/uploads\/2016\/04\/Plateia-P8-2-150x150.jpg\" class=\"attachment-thumbnail size-thumbnail\" alt=\"\" \/><\/a>\n\t\t\t<\/div><\/figure><figure class='gallery-item'>\n\t\t\t<div class='gallery-icon landscape'>\n\t\t\t\t<a href='https:\/\/aeamesp.org.br\/site2025\/mesa-p8\/'><img loading=\"lazy\" decoding=\"async\" width=\"150\" height=\"150\" src=\"https:\/\/aeamesp.org.br\/site2025\/wp-content\/uploads\/2016\/04\/Mesa-P8-150x150.jpg\" class=\"attachment-thumbnail size-thumbnail\" alt=\"\" \/><\/a>\n\t\t\t<\/div><\/figure>\n\t\t<\/div>\n\n<h3><\/h3>\n<p>&nbsp;<\/p>\n<p><strong>Coordenador<\/strong><\/p>\n<div class=\"separa10px\"><\/div>\n<div class=\"row\">\n<div class=\"col-md-3\"><img decoding=\"async\" class=\"foto\" src=\"http:\/\/www.aeamesp.org.br\/21\/images\/sessoes\/21smP08A1.jpg\" alt=\"\" \/>\u00a0\u00a0<strong>Guilherme Quintella &#8211;\u00a0<\/strong>Chairman da UIC &#8211; Am\u00e9rica Latina<\/div>\n<\/div>\n<div class=\"col-md-3\"><\/div>\n<div class=\"col-md-3\">\n<hr \/>\n<\/div>\n<div class=\"separa10px\"><\/div>\n<p><strong>Palestrantes<\/strong><\/p>\n<div class=\"separa10px\"><\/div>\n<div class=\"row\">\n<div class=\"col-sm-3\"><img decoding=\"async\" class=\"ftCentro\" src=\"http:\/\/www.aeamesp.org.br\/21\/images\/sessoes\/21smP08A2.jpg\" alt=\"\" \/>\u00a0\u00a0<strong>Laurence Casagrande Louren\u00e7o &#8211;\u00a0<\/strong>Presidente da DERSA<\/div>\n<\/div>\n<div class=\"col-sm-3\">\n<hr \/>\n<\/div>\n<div class=\"col-sm-3\"><\/div>\n<div class=\"row\">\n<div class=\"col-sm-3\"><img decoding=\"async\" class=\"ftCentro\" src=\"http:\/\/www.aeamesp.org.br\/21\/images\/sessoes\/21smP08A3.jpg\" alt=\"\" \/>\u00a0\u00a0<strong>Jos\u00e9 Roberto Louren\u00e7o &#8211;\u00a0<\/strong>Gerente de Rela\u00e7\u00f5es Institucionais da MRS<\/div>\n<\/div>\n<div class=\"col-sm-3\"><\/div>\n<div class=\"col-sm-3\">\n<hr \/>\n<\/div>\n<p>&nbsp;<\/p>\n<p><strong>Apresenta\u00e7\u00f5es disponibilizadas pelos palestrantes:<\/strong><\/p>\n<p><a href=\"http:\/\/biblioteca.aeamesp.org.br\/smns\/21smp08ap01.pdf\" target=\"_blank\">Ferroanel Metropolitano de S\u00e3o Paulo &#8211; Tramo Norte<\/a>\u00a0&#8211;\u00a0Laurence Casagrande Louren\u00e7o.<\/p>\n<p><a href=\"http:\/\/biblioteca.aeamesp.org.br\/smns\/21smp08ap02.pdf\" target=\"_blank\">Transporte Ferrovi\u00e1rio de Carga em \u00c1reas Metropolitanas &#8211; O papel do Ferroanel<\/a>\u00a0&#8211;\u00a0Jos\u00e9 Roberto Louren\u00e7o.<\/p>\n<p>&nbsp;<\/p>\n<p>&nbsp;<\/p>\n","protected":false},"excerpt":{"rendered":"<p>Sala 2, dia 10\/ 9 &#8211; 15:40 hrs &#8211; Painel&hellip;<\/p>\n<p> <a class=\"more-link\" href=\"https:\/\/aeamesp.org.br\/site2025\/painel-8-transporte-ferroviario-de-carga-em-areas-metropolitanas-o-papel-do-ferroanel\/\">Leia mais<\/a><\/p>\n","protected":false},"author":1,"featured_media":4649,"comment_status":"open","ping_status":"open","sticky":false,"template":"","format":"standard","meta":{"pagelayer_contact_templates":[],"_pagelayer_content":"","_kadence_starter_templates_imported_post":false,"footnotes":""},"categories":[41],"tags":[120],"class_list":{"0":"post-2041","1":"post","2":"type-post","3":"status-publish","4":"format-standard","5":"has-post-thumbnail","7":"category-21a-semana-de-tecnologia-metroferroviaria","8":"tag-painel"},"_links":{"self":[{"href":"https:\/\/aeamesp.org.br\/site2025\/wp-json\/wp\/v2\/posts\/2041","targetHints":{"allow":["GET"]}}],"collection":[{"href":"https:\/\/aeamesp.org.br\/site2025\/wp-json\/wp\/v2\/posts"}],"about":[{"href":"https:\/\/aeamesp.org.br\/site2025\/wp-json\/wp\/v2\/types\/post"}],"author":[{"embeddable":true,"href":"https:\/\/aeamesp.org.br\/site2025\/wp-json\/wp\/v2\/users\/1"}],"replies":[{"embeddable":true,"href":"https:\/\/aeamesp.org.br\/site2025\/wp-json\/wp\/v2\/comments?post=2041"}],"version-history":[{"count":0,"href":"https:\/\/aeamesp.org.br\/site2025\/wp-json\/wp\/v2\/posts\/2041\/revisions"}],"wp:featuredmedia":[{"embeddable":true,"href":"https:\/\/aeamesp.org.br\/site2025\/wp-json\/wp\/v2\/media\/4649"}],"wp:attachment":[{"href":"https:\/\/aeamesp.org.br\/site2025\/wp-json\/wp\/v2\/media?parent=2041"}],"wp:term":[{"taxonomy":"category","embeddable":true,"href":"https:\/\/aeamesp.org.br\/site2025\/wp-json\/wp\/v2\/categories?post=2041"},{"taxonomy":"post_tag","embeddable":true,"href":"https:\/\/aeamesp.org.br\/site2025\/wp-json\/wp\/v2\/tags?post=2041"}],"curies":[{"name":"wp","href":"https:\/\/api.w.org\/{rel}","templated":true}]}}